{"id":78860,"date":"2019-04-13T15:14:02","date_gmt":"2019-04-13T13:14:02","guid":{"rendered":"https:\/\/zjarr.tv\/?p=78860"},"modified":"2019-04-13T15:14:02","modified_gmt":"2019-04-13T13:14:02","slug":"koreja-e-veriut-deshiron-serish-bisedime-me-shba-por-me-nje-kusht","status":"publish","type":"post","link":"https:\/\/zjarr.tv\/en\/koreja-e-veriut-deshiron-serish-bisedime-me-shba-por-me-nje-kusht\/","title":{"rendered":"Koreja e Veriut d\u00ebshiron s\u00ebrish bisedime me ShBA, por me nj\u00eb kusht"},"content":{"rendered":"<p>Udh\u00ebheq\u00ebsi i Kores\u00eb s\u00eb Veriut Kim Jong-un ka th\u00ebn\u00eb se do t\u00eb marr\u00eb pjes\u00eb n\u00eb nj\u00eb samit t\u00eb tret\u00eb me presidentin Donald Trump, por vet\u00ebm n\u00ebse SHBA-ja mban &#8220;q\u00ebndrimin e duhur&#8221;.<\/p>\n<p>Mediat shtet\u00ebrore t\u00eb Kores\u00eb s\u00eb Veriut raportuan komentet e udh\u00ebheq\u00ebsit Kim t\u00eb shtun\u00ebn.<\/p>\n<p>N\u00eb nj\u00eb fjalim, ai i k\u00ebrkoi zotit Trump t\u00eb vazhdonte nj\u00eb marr\u00ebveshje q\u00eb ishte e drejt\u00eb dhe reciprokisht e pranueshme p\u00ebr t\u00eb dy kombet.<\/p>\n<p>T\u00eb dy udh\u00ebheq\u00ebsit u takuan p\u00ebr her\u00eb t\u00eb par\u00eb n\u00eb Singapor vitin e kaluar. Megjithat\u00eb, nj\u00eb samit i dyt\u00eb n\u00eb Hanoi n\u00eb shkurt u prish p\u00ebr hapat e denuklearizimit.<\/p>\n<p>Presidenti Trump tha se zyrtar\u00ebt e Kores\u00eb s\u00eb Veriut kishin k\u00ebrkuar q\u00eb sanksionet ekonomike t\u00eb hiqen n\u00eb k\u00ebmbim t\u00eb \u00e7aktivizimit t\u00eb nj\u00eb vendi t\u00eb madh b\u00ebrthamor, duke e provokuar at\u00eb t\u00eb largohej.<\/p>\n<p>&nbsp;<\/p>","protected":false},"excerpt":{"rendered":"<p>Udh\u00ebheq\u00ebsi i Kores\u00eb s\u00eb Veriut Kim Jong-un ka th\u00ebn\u00eb se do t\u00eb marr\u00eb pjes\u00eb n\u00eb nj\u00eb samit t\u00eb tret\u00eb me presidentin Donald Trump, por vet\u00ebm n\u00ebse SHBA-ja mban &#8220;q\u00ebndrimin e duhur&#8221;. Mediat shtet\u00ebrore t\u00eb Kores\u00eb s\u00eb Veriut raportuan komentet e udh\u00ebheq\u00ebsit Kim t\u00eb shtun\u00ebn. N\u00eb nj\u00eb fjalim, ai i k\u00ebrkoi zotit Trump t\u00eb vazhdonte nj\u00eb [&hellip;]<\/p>\n","protected":false},"author":2013,"featured_media":68066,"comment_status":"open","ping_status":"closed","sticky":false,"template":"","format":"standard","meta":{"footnotes":""},"categories":[241,191],"tags":[],"class_list":{"0":"post-78860","1":"post","2":"type-post","3":"status-publish","4":"format-standard","5":"has-post-thumbnail","7":"category-aktualitet","8":"category-bota"},"_links":{"self":[{"href":"https:\/\/zjarr.tv\/en\/wp-json\/wp\/v2\/posts\/78860","targetHints":{"allow":["GET"]}}],"collection":[{"href":"https:\/\/zjarr.tv\/en\/wp-json\/wp\/v2\/posts"}],"about":[{"href":"https:\/\/zjarr.tv\/en\/wp-json\/wp\/v2\/types\/post"}],"author":[{"embeddable":true,"href":"https:\/\/zjarr.tv\/en\/wp-json\/wp\/v2\/users\/2013"}],"replies":[{"embeddable":true,"href":"https:\/\/zjarr.tv\/en\/wp-json\/wp\/v2\/comments?post=78860"}],"version-history":[{"count":0,"href":"https:\/\/zjarr.tv\/en\/wp-json\/wp\/v2\/posts\/78860\/revisions"}],"wp:featuredmedia":[{"embeddable":true,"href":"https:\/\/zjarr.tv\/en\/wp-json\/wp\/v2\/media\/68066"}],"wp:attachment":[{"href":"https:\/\/zjarr.tv\/en\/wp-json\/wp\/v2\/media?parent=78860"}],"wp:term":[{"taxonomy":"category","embeddable":true,"href":"https:\/\/zjarr.tv\/en\/wp-json\/wp\/v2\/categories?post=78860"},{"taxonomy":"post_tag","embeddable":true,"href":"https:\/\/zjarr.tv\/en\/wp-json\/wp\/v2\/tags?post=78860"}],"curies":[{"name":"wp","href":"https:\/\/api.w.org\/{rel}","templated":true}]}}