{"id":78862,"date":"2019-04-13T15:15:21","date_gmt":"2019-04-13T13:15:21","guid":{"rendered":"https:\/\/zjarr.tv\/?p=78862"},"modified":"2019-04-13T15:15:21","modified_gmt":"2019-04-13T13:15:21","slug":"durrsaket-drejt-tiranes-pd-do-nisen-mbi-6-mije-qytetare","status":"publish","type":"post","link":"https:\/\/zjarr.tv\/en\/durrsaket-drejt-tiranes-pd-do-nisen-mbi-6-mije-qytetare\/","title":{"rendered":"Durrsak\u00ebt drejt Tiran\u00ebs, PD: Do nisen mbi 6 mij\u00eb qytetar\u00eb"},"content":{"rendered":"<p>Partia Demokratike n\u00eb Durr\u00ebs \u00ebsht\u00eb v\u00ebn\u00eb n\u00eb mb\u00ebshtetje t\u00eb ndihm\u00eb qytetar\u00ebve q\u00eb do t\u00eb marrin pjes\u00eb n\u00eb protest\u00ebn e or\u00ebs 18:00 para godin\u00ebs s\u00eb kryeministris\u00eb, n\u00eb bulevardin \u201cD\u00ebshmor\u00ebt e Kombit\u201d.<\/p>\n<p>Dega e PD-s\u00eb n\u00eb qytetin bregdetar ka v\u00ebn\u00eb n\u00eb dispozicion autobus\u00eb p\u00ebr t\u00eb gjith\u00eb qytetar\u00ebt q\u00eb nuk kan\u00eb mund\u00ebsi t\u00eb udh\u00ebtojn\u00eb me mjetet e tyre personale drejt Tiran\u00ebs.<\/p>\n<p>Sipas PD-s\u00eb, autobus\u00ebt jan\u00eb vendosur nj\u00ebri tek selia blu n\u00eb qytet, por ka edhe t\u00eb tjer\u00eb n\u00eb dispozicion\u00a0 t\u00eb qytetar\u00ebve dhe protestuesve tek Muzeumi, K\u00ebneta, Sukthi dhe n\u00eb Man\u00ebz. Burimet brenda PD-s\u00eb n\u00eb Durr\u00ebs than\u00eb\u00a0se gjithsej n\u00eb dispozicion t\u00eb qytetar\u00ebve jan\u00eb 20 autobus\u00eb, konkretisht 10 t\u00eb till\u00eb me nga 50\u00a0 vende dhe gjysma tjet\u00ebr me 30 vende. Gjithashtu po sipas PD-s\u00eb, pritet q\u00eb t\u00eb udh\u00ebtojn\u00eb drejt Tiran\u00ebs edhe 5 mij\u00eb qytetar\u00eb t\u00eb tjer\u00eb t\u00eb organizuar me autovetura. Nisja e tyre drejt Tiran\u00ebs do t\u00eb b\u00ebhet nga ora 16:00.<\/p>\n<p>&nbsp;<\/p>","protected":false},"excerpt":{"rendered":"<p>Partia Demokratike n\u00eb Durr\u00ebs \u00ebsht\u00eb v\u00ebn\u00eb n\u00eb mb\u00ebshtetje t\u00eb ndihm\u00eb qytetar\u00ebve q\u00eb do t\u00eb marrin pjes\u00eb n\u00eb protest\u00ebn e or\u00ebs 18:00 para godin\u00ebs s\u00eb kryeministris\u00eb, n\u00eb bulevardin \u201cD\u00ebshmor\u00ebt e Kombit\u201d. Dega e PD-s\u00eb n\u00eb qytetin bregdetar ka v\u00ebn\u00eb n\u00eb dispozicion autobus\u00eb p\u00ebr t\u00eb gjith\u00eb qytetar\u00ebt q\u00eb nuk kan\u00eb mund\u00ebsi t\u00eb udh\u00ebtojn\u00eb me mjetet e tyre [&hellip;]<\/p>\n","protected":false},"author":2013,"featured_media":78863,"comment_status":"open","ping_status":"closed","sticky":false,"template":"","format":"standard","meta":{"footnotes":""},"categories":[241,235],"tags":[],"class_list":{"0":"post-78862","1":"post","2":"type-post","3":"status-publish","4":"format-standard","5":"has-post-thumbnail","7":"category-aktualitet","8":"category-vendi"},"_links":{"self":[{"href":"https:\/\/zjarr.tv\/en\/wp-json\/wp\/v2\/posts\/78862","targetHints":{"allow":["GET"]}}],"collection":[{"href":"https:\/\/zjarr.tv\/en\/wp-json\/wp\/v2\/posts"}],"about":[{"href":"https:\/\/zjarr.tv\/en\/wp-json\/wp\/v2\/types\/post"}],"author":[{"embeddable":true,"href":"https:\/\/zjarr.tv\/en\/wp-json\/wp\/v2\/users\/2013"}],"replies":[{"embeddable":true,"href":"https:\/\/zjarr.tv\/en\/wp-json\/wp\/v2\/comments?post=78862"}],"version-history":[{"count":0,"href":"https:\/\/zjarr.tv\/en\/wp-json\/wp\/v2\/posts\/78862\/revisions"}],"wp:featuredmedia":[{"embeddable":true,"href":"https:\/\/zjarr.tv\/en\/wp-json\/wp\/v2\/media\/78863"}],"wp:attachment":[{"href":"https:\/\/zjarr.tv\/en\/wp-json\/wp\/v2\/media?parent=78862"}],"wp:term":[{"taxonomy":"category","embeddable":true,"href":"https:\/\/zjarr.tv\/en\/wp-json\/wp\/v2\/categories?post=78862"},{"taxonomy":"post_tag","embeddable":true,"href":"https:\/\/zjarr.tv\/en\/wp-json\/wp\/v2\/tags?post=78862"}],"curies":[{"name":"wp","href":"https:\/\/api.w.org\/{rel}","templated":true}]}}