{"id":78871,"date":"2019-04-13T15:38:20","date_gmt":"2019-04-13T13:38:20","guid":{"rendered":"https:\/\/zjarr.tv\/?p=78871"},"modified":"2019-04-13T15:38:20","modified_gmt":"2019-04-13T13:38:20","slug":"hahn-shqiperia-e-maqedonia-e-veriut-shembull-pozitiv","status":"publish","type":"post","link":"https:\/\/zjarr.tv\/en\/hahn-shqiperia-e-maqedonia-e-veriut-shembull-pozitiv\/","title":{"rendered":"Hahn: Shqip\u00ebria e Maqedonia e Veriut shembull pozitiv"},"content":{"rendered":"<p>Komisioneri p\u00ebr Zgjerim n\u00eb Bashkimin Evropian, Johannes Hahn thot\u00eb se BE \u00ebsht\u00eb e angazhuar n\u00eb rajon dhe ka mb\u00ebshtetur t\u00eb ardhmen e saj si pjes\u00eb e integrale e BE.<\/p>\n<p><em>&#8220;\u00cbsht\u00eb n\u00eb interesin ton\u00eb t\u00eb angazhohemi me rajonin, pasi kjo do ta b\u00ebj\u00eb Unionin m\u00eb t\u00eb fort\u00eb. Vitin e kaluar ishte thelb\u00ebsor, sepse u mor\u00ebn vendime historike mbi t\u00eb ardhmen e Ballkanit Per\u00ebndimor. Strategjia e Ballkanit Per\u00ebndimor u miratua nga Komisioni Evropian. Strategjia ripohon nj\u00eb perspektiv\u00eb t\u00eb qart\u00eb evropiane t\u00eb rajonit &#8220;,<\/em>\u00a0shpjegon Hahn n\u00eb artikullin e tij p\u00ebr revist\u00ebn Parlamenti.<\/p>\n<p>Ai n\u00ebnvizon se Shqip\u00ebria dhe Maqedonia e Veriut jan\u00eb nj\u00eb shembull i mir\u00eb i\u00a0<em>&#8220;si angazhimi i BE-s\u00eb me Ballkanin Per\u00ebndimor po ndihmon rajonin t\u00eb nd\u00ebrtoj\u00eb nj\u00eb t\u00eb ardhme m\u00eb t\u00eb mir\u00eb&#8221;.<\/em><\/p>\n<p>&nbsp;<\/p>\n<p>&nbsp;<\/p>","protected":false},"excerpt":{"rendered":"<p>Komisioneri p\u00ebr Zgjerim n\u00eb Bashkimin Evropian, Johannes Hahn thot\u00eb se BE \u00ebsht\u00eb e angazhuar n\u00eb rajon dhe ka mb\u00ebshtetur t\u00eb ardhmen e saj si pjes\u00eb e integrale e BE. &#8220;\u00cbsht\u00eb n\u00eb interesin ton\u00eb t\u00eb angazhohemi me rajonin, pasi kjo do ta b\u00ebj\u00eb Unionin m\u00eb t\u00eb fort\u00eb. Vitin e kaluar ishte thelb\u00ebsor, sepse u mor\u00ebn vendime [&hellip;]<\/p>\n","protected":false},"author":2013,"featured_media":62692,"comment_status":"open","ping_status":"closed","sticky":false,"template":"","format":"standard","meta":{"footnotes":""},"categories":[241,235],"tags":[],"class_list":{"0":"post-78871","1":"post","2":"type-post","3":"status-publish","4":"format-standard","5":"has-post-thumbnail","7":"category-aktualitet","8":"category-vendi"},"_links":{"self":[{"href":"https:\/\/zjarr.tv\/en\/wp-json\/wp\/v2\/posts\/78871","targetHints":{"allow":["GET"]}}],"collection":[{"href":"https:\/\/zjarr.tv\/en\/wp-json\/wp\/v2\/posts"}],"about":[{"href":"https:\/\/zjarr.tv\/en\/wp-json\/wp\/v2\/types\/post"}],"author":[{"embeddable":true,"href":"https:\/\/zjarr.tv\/en\/wp-json\/wp\/v2\/users\/2013"}],"replies":[{"embeddable":true,"href":"https:\/\/zjarr.tv\/en\/wp-json\/wp\/v2\/comments?post=78871"}],"version-history":[{"count":0,"href":"https:\/\/zjarr.tv\/en\/wp-json\/wp\/v2\/posts\/78871\/revisions"}],"wp:featuredmedia":[{"embeddable":true,"href":"https:\/\/zjarr.tv\/en\/wp-json\/wp\/v2\/media\/62692"}],"wp:attachment":[{"href":"https:\/\/zjarr.tv\/en\/wp-json\/wp\/v2\/media?parent=78871"}],"wp:term":[{"taxonomy":"category","embeddable":true,"href":"https:\/\/zjarr.tv\/en\/wp-json\/wp\/v2\/categories?post=78871"},{"taxonomy":"post_tag","embeddable":true,"href":"https:\/\/zjarr.tv\/en\/wp-json\/wp\/v2\/tags?post=78871"}],"curies":[{"name":"wp","href":"https:\/\/api.w.org\/{rel}","templated":true}]}}