{"id":79068,"date":"2019-04-14T14:15:55","date_gmt":"2019-04-14T12:15:55","guid":{"rendered":"https:\/\/zjarr.tv\/?p=79068"},"modified":"2019-04-14T14:15:55","modified_gmt":"2019-04-14T12:15:55","slug":"vasili-i-kerkon-llogari-lleshit-kush-e-dogji-makinen-dhe-kush-ishte-pronari","status":"publish","type":"post","link":"https:\/\/zjarr.tv\/en\/vasili-i-kerkon-llogari-lleshit-kush-e-dogji-makinen-dhe-kush-ishte-pronari\/","title":{"rendered":"Vasili i k\u00ebrkon llogari Lleshit: Kush e dogji makin\u00ebn dhe kush ishte pronari?"},"content":{"rendered":"<p>Kreu i grupit t\u00eb LSI-s\u00eb, Petrit Vasili n\u00eb nj\u00eb deklart\u00eb p\u00ebr mediat i ka adresuar disa pyetje ministrit t\u00eb Brendsh\u00ebm, Sand\u00ebr Lleshaj.<\/p>\n<p>Vasili hedh akuza se makina q\u00eb u dogj mbr\u00ebmjen e djeshme n\u00eb protest\u00ebn e opozit\u00ebs \u00ebsht\u00eb e b\u00ebr\u00eb nga persona t\u00eb skeduar nga qeveria.<\/p>\n<p><strong>Vasili<\/strong><em>:\u00a0Jam sot t&#8217;i k\u00ebrkoj k\u00ebtij ministri t\u00eb pacip\u00eb, kush ishte pronari i makin\u00ebs. Kush ishte ai q\u00eb u fut atje ku perimetri i siguris\u00eb ruhej dhe p\u00ebrve\u00e7 mjeteve mjek\u00ebsore dhe t\u00eb medias nuk lejohej askush t\u00eb futej. Kush ishte pronari dhe kush i fiku dritat n\u00eb miting?\u00a0<\/em><\/p>\n<p><em>Ku n\u00eb vend t\u00eb siguris\u00eb p\u00ebr nj\u00eb miting paq\u00ebsor, fiku dritat n\u00eb m\u00ebnyr\u00eb q\u00eb provokator\u00ebt q\u00eb vun\u00eb flak\u00ebn dhe tentuan t\u00eb digjnin dhe kisok\u00ebn mu n\u00eb mes t\u00eb sheshit t\u00eb konsumonin t\u00eb qet\u00eb provokimin e tyre t\u00eb dhe t\u00eb mos identifikoheshin.\u00a0<\/em><\/p>\n<p><em>Kush e dhunoi fotografin Arben Daj\u00e7i?\u00a0<\/em><\/p>\n<p><em>Por denoncimin e b\u00ebr\u00eb nga BIRN dhe videon e b\u00ebr\u00eb publike se si pas shkak gazetar\u00ebt dhe gfotoreporter\u00ebt goditeshin kush e godiste policin nga atje brenda me megafon?\u00a0<\/em><\/p>\n<p>&nbsp;<\/p>","protected":false},"excerpt":{"rendered":"<p>Kreu i grupit t\u00eb LSI-s\u00eb, Petrit Vasili n\u00eb nj\u00eb deklart\u00eb p\u00ebr mediat i ka adresuar disa pyetje ministrit t\u00eb Brendsh\u00ebm, Sand\u00ebr Lleshaj. Vasili hedh akuza se makina q\u00eb u dogj mbr\u00ebmjen e djeshme n\u00eb protest\u00ebn e opozit\u00ebs \u00ebsht\u00eb e b\u00ebr\u00eb nga persona t\u00eb skeduar nga qeveria. Vasili:\u00a0Jam sot t&#8217;i k\u00ebrkoj k\u00ebtij ministri t\u00eb pacip\u00eb, kush [&hellip;]<\/p>\n","protected":false},"author":2013,"featured_media":70162,"comment_status":"open","ping_status":"closed","sticky":false,"template":"","format":"standard","meta":{"footnotes":""},"categories":[241,235],"tags":[],"class_list":{"0":"post-79068","1":"post","2":"type-post","3":"status-publish","4":"format-standard","5":"has-post-thumbnail","7":"category-aktualitet","8":"category-vendi"},"_links":{"self":[{"href":"https:\/\/zjarr.tv\/en\/wp-json\/wp\/v2\/posts\/79068","targetHints":{"allow":["GET"]}}],"collection":[{"href":"https:\/\/zjarr.tv\/en\/wp-json\/wp\/v2\/posts"}],"about":[{"href":"https:\/\/zjarr.tv\/en\/wp-json\/wp\/v2\/types\/post"}],"author":[{"embeddable":true,"href":"https:\/\/zjarr.tv\/en\/wp-json\/wp\/v2\/users\/2013"}],"replies":[{"embeddable":true,"href":"https:\/\/zjarr.tv\/en\/wp-json\/wp\/v2\/comments?post=79068"}],"version-history":[{"count":0,"href":"https:\/\/zjarr.tv\/en\/wp-json\/wp\/v2\/posts\/79068\/revisions"}],"wp:featuredmedia":[{"embeddable":true,"href":"https:\/\/zjarr.tv\/en\/wp-json\/wp\/v2\/media\/70162"}],"wp:attachment":[{"href":"https:\/\/zjarr.tv\/en\/wp-json\/wp\/v2\/media?parent=79068"}],"wp:term":[{"taxonomy":"category","embeddable":true,"href":"https:\/\/zjarr.tv\/en\/wp-json\/wp\/v2\/categories?post=79068"},{"taxonomy":"post_tag","embeddable":true,"href":"https:\/\/zjarr.tv\/en\/wp-json\/wp\/v2\/tags?post=79068"}],"curies":[{"name":"wp","href":"https:\/\/api.w.org\/{rel}","templated":true}]}}