{"id":79280,"date":"2019-04-15T16:55:20","date_gmt":"2019-04-15T14:55:20","guid":{"rendered":"https:\/\/zjarr.tv\/?p=79280"},"modified":"2019-04-15T16:55:20","modified_gmt":"2019-04-15T14:55:20","slug":"pezullimi-i-rektorit-boci-antikushtetuese-minon-autonomine-universitare","status":"publish","type":"post","link":"https:\/\/zjarr.tv\/en\/pezullimi-i-rektorit-boci-antikushtetuese-minon-autonomine-universitare\/","title":{"rendered":"Pezullimi i rektorit\/ Bo\u00e7i: Antikushtetuese, minon autonomin\u00eb universitare"},"content":{"rendered":"<p><strong>DEKLARAT\u00cb E LU\u00c7IANO BO\u00c7IT<\/strong><\/p>\n<p>M<em>inistrja fatkeq\u00ebsisht e Arsimit, Besa Shahini, i ka v\u00ebn\u00eb minat autonomis\u00eb universitare, me nj\u00eb vendim tjet\u00ebr t\u00eb paligjsh\u00ebm, q\u00eb tregon padurimin p\u00ebr t\u00eb z\u00ebvend\u00ebsuar n\u00eb m\u00ebnyr\u00eb antikushtetuese rektorin e Universitetit t\u00eb Tiran\u00ebs me militant\u00eb partiak\u00eb apo pazarxhinj t\u00eb pushtetit.\u00a0<\/em><\/p>\n<p><em>Me t\u00eb drejt\u00eb, shum\u00eb koleg\u00eb nga bota universitare dhe nga politika po thon\u00eb se Edi Rama po k\u00ebrkon t\u00eb b\u00ebj\u00eb sot me Universitetin e Tiran\u00ebs at\u00eb q\u00eb nuk mundi ta b\u00ebnte dot me Shullazin 3 vjet m\u00eb par\u00eb, p\u00ebr t\u00eb vendosur n\u00ebn kontroll politik \u00e7do hallk\u00eb t\u00eb Universitetit \u00a0t\u00eb Tiran\u00ebs.\u00a0<\/em><\/p>\n<p><em>Jo vet\u00ebm vendimi i djesh\u00ebm i Besa Shahinit p\u00ebr pezullimin e rektorit \u00ebsht\u00eb antikushtetues dhe i paligjsh\u00ebm, por edhe vendimi i sot\u00ebm i Ministres fatkeq\u00ebsisht t\u00eb Arsimit, \u00ebsht\u00eb n\u00eb kund\u00ebrshtim flagrant me Ligjin p\u00ebr Arsimin e Lart\u00eb.\u00a0<\/em><\/p>\n<p><em>Komandimi i nj\u00eb rektori t\u00eb ri, pa pritur vendimin e Presidentit, \u00ebsht\u00eb n\u00eb shkelje t\u00eb plot\u00eb t\u00eb Kushtetut\u00ebs dhe t\u00eb ligjit. Ligji nuk ia jep Ministres k\u00ebt\u00eb kompetenc\u00eb.\u00a0<\/em><\/p>\n<p><em>N\u00eb asnj\u00eb nen t\u00eb Ligjit t\u00eb Arsimit t\u00eb Lart\u00eb, i cili rregullon autonomin\u00eb e universiteteve, q\u00eb nga procedura e zgjedhjes dhe deri tek nd\u00ebrprerja e parakohshme e mandatit t\u00eb rektor\u00ebve, nuk flitet p\u00ebr t\u00eb drejt\u00ebn e ministrit t\u00eb arsimit p\u00ebr t\u00eb komanduar rektorin e ri. Sipas nenit 39, pika 10, t\u00eb cituar n\u00eb Urdhrin e pezullimit, Ministri i propozon Presidentit shkarkimin e Rektorit. N\u00eb rast mos shprehjeje nga ana e tij, p\u00ebr nj\u00eb muaj shpall zgjedhjet.<\/em><\/p>\n<p><em>Pra, Ligji nuk parashikon asnj\u00eb komandim dhe asnj\u00eb ekzekutim shkarkimi, pa fjal\u00ebn e Presidentit.<\/em><\/p>\n<p><em>Nxitimi p\u00ebr t\u00eb thelluar paligjshm\u00ebrin\u00eb nga Ministrja fatkeq\u00ebsisht e Arsimit, tregon padurimin e Edi Ram\u00ebs p\u00ebr t\u00eb vendosur n\u00ebn kontroll t\u00eb plot\u00eb universitetin m\u00eb t\u00eb madh n\u00eb vend, duke komanduar nj\u00eb rektor fallco.\u00a0\u00a0<\/em><\/p>\n<p><em>P\u00ebr t\u00eb marr\u00eb n\u00ebn kontroll Universitetin, \u00a0Rama po \u00a0shfryt\u00ebzon edhe munges\u00ebn e Gjykat\u00ebs Kushtetuese, si\u00e7 po b\u00ebn p\u00ebr \u00e7do akt me t\u00eb cilin vjedh dhe dhunon shqiptar\u00ebt.\u00a0<\/em><\/p>\n<p><em>P\u00ebr k\u00ebt\u00eb vendim t\u00eb paligjsh\u00ebm, Ministrja fatkeq\u00ebsisht e Arsimit duhet t\u00eb ishte shkarkuar menj\u00ebher\u00eb. Mbrojtja e saj tregon se projekti p\u00ebr kapjen e Universitetit t\u00eb Tiran\u00ebs \u00ebsht\u00eb projekt i Edi Ram\u00ebs.\u00a0<\/em><\/p>\n<p><em>Me shullaz\u00ebt e rinj n\u00eb krye t\u00eb Ministris\u00eb s\u00eb Arsimit dhe t\u00eb Universitetit t\u00eb Tiran\u00ebs, Edi Rama mund t\u00eb vjedh\u00eb ndonj\u00eb tender apo pron\u00eb t\u00eb Universitetit, por nuk ka p\u00ebr t\u2019ia dal\u00eb q\u00eb t\u2019i mbyll\u00eb goj\u00ebn pedagog\u00ebve dhe student\u00ebve!<\/em><\/p>\n<p>&nbsp;<\/p>","protected":false},"excerpt":{"rendered":"<p>DEKLARAT\u00cb E LU\u00c7IANO BO\u00c7IT Ministrja fatkeq\u00ebsisht e Arsimit, Besa Shahini, i ka v\u00ebn\u00eb minat autonomis\u00eb universitare, me nj\u00eb vendim tjet\u00ebr t\u00eb paligjsh\u00ebm, q\u00eb tregon padurimin p\u00ebr t\u00eb z\u00ebvend\u00ebsuar n\u00eb m\u00ebnyr\u00eb antikushtetuese rektorin e Universitetit t\u00eb Tiran\u00ebs me militant\u00eb partiak\u00eb apo pazarxhinj t\u00eb pushtetit.\u00a0 Me t\u00eb drejt\u00eb, shum\u00eb koleg\u00eb nga bota universitare dhe nga politika po [&hellip;]<\/p>\n","protected":false},"author":2013,"featured_media":60134,"comment_status":"open","ping_status":"closed","sticky":false,"template":"","format":"standard","meta":{"footnotes":""},"categories":[241,235],"tags":[],"class_list":{"0":"post-79280","1":"post","2":"type-post","3":"status-publish","4":"format-standard","5":"has-post-thumbnail","7":"category-aktualitet","8":"category-vendi"},"_links":{"self":[{"href":"https:\/\/zjarr.tv\/en\/wp-json\/wp\/v2\/posts\/79280","targetHints":{"allow":["GET"]}}],"collection":[{"href":"https:\/\/zjarr.tv\/en\/wp-json\/wp\/v2\/posts"}],"about":[{"href":"https:\/\/zjarr.tv\/en\/wp-json\/wp\/v2\/types\/post"}],"author":[{"embeddable":true,"href":"https:\/\/zjarr.tv\/en\/wp-json\/wp\/v2\/users\/2013"}],"replies":[{"embeddable":true,"href":"https:\/\/zjarr.tv\/en\/wp-json\/wp\/v2\/comments?post=79280"}],"version-history":[{"count":0,"href":"https:\/\/zjarr.tv\/en\/wp-json\/wp\/v2\/posts\/79280\/revisions"}],"wp:featuredmedia":[{"embeddable":true,"href":"https:\/\/zjarr.tv\/en\/wp-json\/wp\/v2\/media\/60134"}],"wp:attachment":[{"href":"https:\/\/zjarr.tv\/en\/wp-json\/wp\/v2\/media?parent=79280"}],"wp:term":[{"taxonomy":"category","embeddable":true,"href":"https:\/\/zjarr.tv\/en\/wp-json\/wp\/v2\/categories?post=79280"},{"taxonomy":"post_tag","embeddable":true,"href":"https:\/\/zjarr.tv\/en\/wp-json\/wp\/v2\/tags?post=79280"}],"curies":[{"name":"wp","href":"https:\/\/api.w.org\/{rel}","templated":true}]}}