{"id":79463,"date":"2019-04-16T15:23:37","date_gmt":"2019-04-16T13:23:37","guid":{"rendered":"https:\/\/zjarr.tv\/?p=79463"},"modified":"2019-04-16T15:23:37","modified_gmt":"2019-04-16T13:23:37","slug":"kriza-politike-borchardt-po-tentojme-qe-te-ulim-palet","status":"publish","type":"post","link":"https:\/\/zjarr.tv\/en\/kriza-politike-borchardt-po-tentojme-qe-te-ulim-palet\/","title":{"rendered":"Kriza politike, Borchardt: Po tentojm\u00eb q\u00eb t\u00eb ulim pal\u00ebt"},"content":{"rendered":"<p>Me sa duket mes opozit\u00ebs dhe qeveris\u00eb ka nd\u00ebrmjet\u00ebsime p\u00ebr dialog. K\u00ebt\u00eb gj\u00eb e ka th\u00ebn\u00eb nga Shkodra, ambasadori i OSBE Bernd Borchardt<\/p>\n<p>Pas nj\u00eb takimi me student\u00ebt e universitetit t\u00eb Shkodr\u00ebs \u2018Luigj Gurakuqi\u2019 Borchard deklaroi se po nxit opozit\u00ebn dhe qeverin\u00eb p\u00ebr dialog. Ai shprehur d\u00ebshir\u00ebn q\u00eb t\u00eb gjitha pal\u00ebt t\u00eb marrin pjes\u00eb n\u00eb zgjedhje.<\/p>\n<p>\u2018Po tentojm\u00eb n\u00eb \u00e7do form\u00eb q\u00eb t\u00eb ket\u00eb bisedime. Duam q\u00eb t\u00eb gjith\u00eb faktor\u00ebt politik t\u00eb marrin pjes\u00eb n\u00eb zgjedhje.<\/p>\n<p>\u00cbsht\u00eb e pamundur p\u00ebr mua q\u00eb t\u00eb shikoj t\u00eb ardhmen se \u00e7far\u00eb mund t\u00eb ndodh n\u00eb Shqip\u00ebri\u2019, deklaroi ambasadori i OSBE.<\/p>\n<p>Sa i p\u00ebrket vjedhjes s\u00eb votave n\u00eb zgjedhjet e kaluara t\u00eb p\u00ebrgjithshme, Borchardt tha se t\u00eb gjitha partit\u00eb kan\u00eb pasur p\u00ebrfaq\u00ebsues n\u00eb KQZ dhe i kan\u00eb njohur zgjedhjet e vitit 2017.<\/p>\n<p>&nbsp;<\/p>\n<p>&nbsp;<\/p>","protected":false},"excerpt":{"rendered":"<p>Me sa duket mes opozit\u00ebs dhe qeveris\u00eb ka nd\u00ebrmjet\u00ebsime p\u00ebr dialog. K\u00ebt\u00eb gj\u00eb e ka th\u00ebn\u00eb nga Shkodra, ambasadori i OSBE Bernd Borchardt Pas nj\u00eb takimi me student\u00ebt e universitetit t\u00eb Shkodr\u00ebs \u2018Luigj Gurakuqi\u2019 Borchard deklaroi se po nxit opozit\u00ebn dhe qeverin\u00eb p\u00ebr dialog. Ai shprehur d\u00ebshir\u00ebn q\u00eb t\u00eb gjitha pal\u00ebt t\u00eb marrin pjes\u00eb n\u00eb [&hellip;]<\/p>\n","protected":false},"author":2013,"featured_media":0,"comment_status":"open","ping_status":"closed","sticky":false,"template":"","format":"standard","meta":{"footnotes":""},"categories":[241,235],"tags":[],"class_list":{"0":"post-79463","1":"post","2":"type-post","3":"status-publish","4":"format-standard","6":"category-aktualitet","7":"category-vendi"},"_links":{"self":[{"href":"https:\/\/zjarr.tv\/en\/wp-json\/wp\/v2\/posts\/79463","targetHints":{"allow":["GET"]}}],"collection":[{"href":"https:\/\/zjarr.tv\/en\/wp-json\/wp\/v2\/posts"}],"about":[{"href":"https:\/\/zjarr.tv\/en\/wp-json\/wp\/v2\/types\/post"}],"author":[{"embeddable":true,"href":"https:\/\/zjarr.tv\/en\/wp-json\/wp\/v2\/users\/2013"}],"replies":[{"embeddable":true,"href":"https:\/\/zjarr.tv\/en\/wp-json\/wp\/v2\/comments?post=79463"}],"version-history":[{"count":0,"href":"https:\/\/zjarr.tv\/en\/wp-json\/wp\/v2\/posts\/79463\/revisions"}],"wp:attachment":[{"href":"https:\/\/zjarr.tv\/en\/wp-json\/wp\/v2\/media?parent=79463"}],"wp:term":[{"taxonomy":"category","embeddable":true,"href":"https:\/\/zjarr.tv\/en\/wp-json\/wp\/v2\/categories?post=79463"},{"taxonomy":"post_tag","embeddable":true,"href":"https:\/\/zjarr.tv\/en\/wp-json\/wp\/v2\/tags?post=79463"}],"curies":[{"name":"wp","href":"https:\/\/api.w.org\/{rel}","templated":true}]}}