{"id":80252,"date":"2019-04-21T14:24:33","date_gmt":"2019-04-21T12:24:33","guid":{"rendered":"https:\/\/zjarr.tv\/?p=80252"},"modified":"2019-04-21T14:24:33","modified_gmt":"2019-04-21T12:24:33","slug":"rama-uron-pashken-me-nje-foto-nga-vendi-ku-u-rrit-gjergj-fishta","status":"publish","type":"post","link":"https:\/\/zjarr.tv\/en\/rama-uron-pashken-me-nje-foto-nga-vendi-ku-u-rrit-gjergj-fishta\/","title":{"rendered":"Rama uron Pashk\u00ebn me nj\u00eb foto nga vendi ku u rrit Gjergj Fishta"},"content":{"rendered":"<p>Kryeministri Edi Rama uroi sot besimtar\u00ebt katolik\u00eb me rastin e fest\u00ebs s\u00eb Pashk\u00ebs, me nj\u00eb foto nga Memorialit n\u00eb Kuvendin e Troshanit, ku m\u00ebsoi, u rrit dhe dha m\u00eb pas m\u00ebsim At Gjergj Fishta.<\/p>\n<p>\u201cMir\u00ebm\u00ebngjes dhe me k\u00ebt\u00eb pamje t\u00eb Memorialit n\u00eb Kuvendin e Troshanit, ku m\u00ebsoi, u rrit dhe dha m\u00eb pas m\u00ebsim At Gjergj Fishta, ju uroj Pashk\u00eb t\u00eb g\u00ebzuara\u201d, shkruan Rama.<\/p>\n<p>Kuvendi i Troshanit, i ndodhur n\u00eb Troshan t\u00eb Lezh\u00ebs, ka nxjerr\u00eb fran\u00e7eskan\u00eb t\u00eb shquar si At Gjergj Fishta, Ambroz Marlaskaj, Leon Kabashi, Shtjef\u00ebn Gje\u00e7ovi, Pashko Bardhi e shum\u00eb t\u00eb tjer\u00eb, t\u00eb cil\u00ebt kan\u00eb l\u00ebn\u00eb gjurm\u00eb n\u00eb historin\u00eb dhe kultur\u00ebn shqiptare.<\/p>\n<p>Sot, Kuvendi i Troshanit \u00ebsht\u00eb restauruar dhe sistemuar me shum\u00eb kujdes nga Provinca Fran\u00e7eskane Shqiptare. Ai zot\u00ebron ambiente t\u00eb brendshme t\u00eb bollshme dhe shum\u00eb t\u00eb p\u00ebrshtatshme p\u00ebr krijimin e nj\u00eb muzeu p\u00ebrkujtimor n\u00eb nder t\u00eb t\u00eb gjith\u00eb figurave t\u00eb ndritura fran\u00e7eskane shqiptare, duke u b\u00ebr\u00eb k\u00ebshtu edhe nj\u00eb mund\u00ebsi e shk\u00eblqyer p\u00ebr turiz\u00ebm kulturor.<\/p>\n<p>Kuvendi i Troshanit ndodhet jo larg fshatit Fisht\u00eb, aty ku et\u00ebrit fran\u00e7eskan\u00eb n\u00eb vitin 1639 erdh\u00ebn n\u00eb shkrepat e k\u00ebtij fshati t\u00eb Zadrim\u00ebs duke ngritur nj\u00eb Kish\u00eb dhe nj\u00eb sht\u00ebpi p\u00ebr t\u00eb varf\u00ebrit.<\/p>\n<p>&nbsp;<\/p>","protected":false},"excerpt":{"rendered":"<p>Kryeministri Edi Rama uroi sot besimtar\u00ebt katolik\u00eb me rastin e fest\u00ebs s\u00eb Pashk\u00ebs, me nj\u00eb foto nga Memorialit n\u00eb Kuvendin e Troshanit, ku m\u00ebsoi, u rrit dhe dha m\u00eb pas m\u00ebsim At Gjergj Fishta. \u201cMir\u00ebm\u00ebngjes dhe me k\u00ebt\u00eb pamje t\u00eb Memorialit n\u00eb Kuvendin e Troshanit, ku m\u00ebsoi, u rrit dhe dha m\u00eb pas m\u00ebsim At [&hellip;]<\/p>\n","protected":false},"author":2013,"featured_media":80253,"comment_status":"open","ping_status":"closed","sticky":false,"template":"","format":"standard","meta":{"footnotes":""},"categories":[241,235],"tags":[],"class_list":{"0":"post-80252","1":"post","2":"type-post","3":"status-publish","4":"format-standard","5":"has-post-thumbnail","7":"category-aktualitet","8":"category-vendi"},"_links":{"self":[{"href":"https:\/\/zjarr.tv\/en\/wp-json\/wp\/v2\/posts\/80252","targetHints":{"allow":["GET"]}}],"collection":[{"href":"https:\/\/zjarr.tv\/en\/wp-json\/wp\/v2\/posts"}],"about":[{"href":"https:\/\/zjarr.tv\/en\/wp-json\/wp\/v2\/types\/post"}],"author":[{"embeddable":true,"href":"https:\/\/zjarr.tv\/en\/wp-json\/wp\/v2\/users\/2013"}],"replies":[{"embeddable":true,"href":"https:\/\/zjarr.tv\/en\/wp-json\/wp\/v2\/comments?post=80252"}],"version-history":[{"count":0,"href":"https:\/\/zjarr.tv\/en\/wp-json\/wp\/v2\/posts\/80252\/revisions"}],"wp:featuredmedia":[{"embeddable":true,"href":"https:\/\/zjarr.tv\/en\/wp-json\/wp\/v2\/media\/80253"}],"wp:attachment":[{"href":"https:\/\/zjarr.tv\/en\/wp-json\/wp\/v2\/media?parent=80252"}],"wp:term":[{"taxonomy":"category","embeddable":true,"href":"https:\/\/zjarr.tv\/en\/wp-json\/wp\/v2\/categories?post=80252"},{"taxonomy":"post_tag","embeddable":true,"href":"https:\/\/zjarr.tv\/en\/wp-json\/wp\/v2\/tags?post=80252"}],"curies":[{"name":"wp","href":"https:\/\/api.w.org\/{rel}","templated":true}]}}