{"id":80397,"date":"2019-04-22T13:59:17","date_gmt":"2019-04-22T11:59:17","guid":{"rendered":"https:\/\/zjarr.tv\/?p=80397"},"modified":"2019-04-22T13:59:17","modified_gmt":"2019-04-22T11:59:17","slug":"do-kalonin-kufirin-me-arme-me-vehte-arrestohen-burre-e-grua","status":"publish","type":"post","link":"https:\/\/zjarr.tv\/en\/do-kalonin-kufirin-me-arme-me-vehte-arrestohen-burre-e-grua\/","title":{"rendered":"Do kalonin kufirin me arm\u00eb m\u00eb vehte, arrestohen burr\u00eb e grua"},"content":{"rendered":"<p>Policia kufitare e Kakavij\u00ebs ka ndaluar nj\u00eb \u00e7ift bashk\u00ebshort\u00ebsh t\u00eb mosh\u00ebs 45-vje\u00e7 me iniciale I. S dhe L. S, pasi po tentonin t\u00eb kalonin drejt Greqis\u00eb me nj\u00eb arm\u00eb zjarri tip pistolet\u00eb. Ata udh\u00ebtonin me nj\u00eb auotmjet tip Mercedez Benz, nd\u00ebrkoh\u00eb q\u00eb pistolet\u00ebn e kishin fshehur n\u00eb nj\u00eb prej \u00e7antave n\u00eb bagazhin e makin\u00ebs. Pritet q\u00eb policia t\u00eb arrestoj\u00eb 45-vje\u00e7arin q\u00eb u ndalua pasi dyshohet se arma \u00ebsht\u00eb n\u00eb emrin e tij.<\/p>\n<p>&nbsp;<\/p>","protected":false},"excerpt":{"rendered":"<p>Policia kufitare e Kakavij\u00ebs ka ndaluar nj\u00eb \u00e7ift bashk\u00ebshort\u00ebsh t\u00eb mosh\u00ebs 45-vje\u00e7 me iniciale I. S dhe L. S, pasi po tentonin t\u00eb kalonin drejt Greqis\u00eb me nj\u00eb arm\u00eb zjarri tip pistolet\u00eb. Ata udh\u00ebtonin me nj\u00eb auotmjet tip Mercedez Benz, nd\u00ebrkoh\u00eb q\u00eb pistolet\u00ebn e kishin fshehur n\u00eb nj\u00eb prej \u00e7antave n\u00eb bagazhin e makin\u00ebs. Pritet [&hellip;]<\/p>\n","protected":false},"author":2013,"featured_media":58369,"comment_status":"open","ping_status":"closed","sticky":false,"template":"","format":"standard","meta":{"footnotes":""},"categories":[241,235],"tags":[],"class_list":{"0":"post-80397","1":"post","2":"type-post","3":"status-publish","4":"format-standard","5":"has-post-thumbnail","7":"category-aktualitet","8":"category-vendi"},"_links":{"self":[{"href":"https:\/\/zjarr.tv\/en\/wp-json\/wp\/v2\/posts\/80397","targetHints":{"allow":["GET"]}}],"collection":[{"href":"https:\/\/zjarr.tv\/en\/wp-json\/wp\/v2\/posts"}],"about":[{"href":"https:\/\/zjarr.tv\/en\/wp-json\/wp\/v2\/types\/post"}],"author":[{"embeddable":true,"href":"https:\/\/zjarr.tv\/en\/wp-json\/wp\/v2\/users\/2013"}],"replies":[{"embeddable":true,"href":"https:\/\/zjarr.tv\/en\/wp-json\/wp\/v2\/comments?post=80397"}],"version-history":[{"count":0,"href":"https:\/\/zjarr.tv\/en\/wp-json\/wp\/v2\/posts\/80397\/revisions"}],"wp:featuredmedia":[{"embeddable":true,"href":"https:\/\/zjarr.tv\/en\/wp-json\/wp\/v2\/media\/58369"}],"wp:attachment":[{"href":"https:\/\/zjarr.tv\/en\/wp-json\/wp\/v2\/media?parent=80397"}],"wp:term":[{"taxonomy":"category","embeddable":true,"href":"https:\/\/zjarr.tv\/en\/wp-json\/wp\/v2\/categories?post=80397"},{"taxonomy":"post_tag","embeddable":true,"href":"https:\/\/zjarr.tv\/en\/wp-json\/wp\/v2\/tags?post=80397"}],"curies":[{"name":"wp","href":"https:\/\/api.w.org\/{rel}","templated":true}]}}