{"id":80399,"date":"2019-04-22T14:00:28","date_gmt":"2019-04-22T12:00:28","guid":{"rendered":"https:\/\/zjarr.tv\/?p=80399"},"modified":"2019-04-22T14:00:28","modified_gmt":"2019-04-22T12:00:28","slug":"basha-ne-kolegjin-e-kryetareve-zgjedhjet-pa-opoziten-jane-farse","status":"publish","type":"post","link":"https:\/\/zjarr.tv\/en\/basha-ne-kolegjin-e-kryetareve-zgjedhjet-pa-opoziten-jane-farse\/","title":{"rendered":"Basha n\u00eb Kolegjin e Kryetar\u00ebve: Zgjedhjet pa opozit\u00ebn jan\u00eb fars\u00eb"},"content":{"rendered":"<p>Kreu i Partis\u00eb Demokratike, Lulzim Basha nga mbledhja e Kolegjit t\u00eb Kryetar\u00ebve, n\u00eb t\u00eb cil\u00ebn edhe u vendos data e protest\u00ebs s\u00eb ardhshme t\u00eb opozit\u00ebs s\u00eb bashkuar, nuk kurseu akuzat ndaj Qeveris\u00eb aktuale dhe kryeministrit Edi Rama. Basha, u ndal te zgjedhjet lokale t\u00eb cilat i cil\u00ebsoi nj\u00eb fars\u00eb, p\u00ebr faktin q\u00eb opozita nuk do jet\u00eb pjes\u00eb e saj.<\/p>\n<p>\u201cZgjedhjet pa opozit\u00ebn jan\u00eb fars\u00eb. Ne nuk do t\u00eb lejojm\u00eb m\u00eb q\u00eb zgjedhjet n\u00eb Shqip\u00ebri t\u2019i organizoj\u00eb dhe diktoj\u00eb krimi. Zgjedhjet pa opozit\u00ebn jan\u00eb fars\u00eb. Ne nuk do t\u00eb lejojm\u00eb m\u00eb q\u00eb krimi t\u00eb diktoj\u00eb zgjedhje n\u00eb Shqip\u00ebri. Zgjedhjet do t\u00eb mbahen pasi t\u00eb nd\u00ebshkohen hajdut\u00ebt e votave t\u00eb 2017. Me Edi Ram\u00ebn dhe me Dakon e Gjiknurin n\u00eb krah t\u00eb tij nuk mund t\u00eb ket\u00eb zgjedhje t\u00eb lira as sot, as mot. Prandaj largimi i tij i hap rrug\u00eb zgjidhjes politike q\u00eb kemi k\u00ebrkuar ne, opozita e bashkuar dhe legjitime e Shqip\u00ebris\u00eb, p\u00ebr t\u00eb hapur dialogun me qeverin\u00eb e re tranzitore p\u00ebr masat q\u00eb duhen marr\u00eb p\u00ebr t\u00eb krijuar kushtet p\u00ebr zgjedhjet.<\/p>\n<p>Vet\u00ebm zgjedhjet e lira do t\u2019i kthejn\u00eb legjitimitetin institucioneve, n\u00eb kushtet kur Gjykata Kushtetuese nuk ekziston prej nj\u00eb viti e gjys\u00ebm, Gjykata e Lart\u00eb nuk funskionon, Prokuroria e P\u00ebrgjithshme \u00ebshte e paligjshme dhe kur Parlamenti ilegjitim \u00ebsht\u00eb kthyer n\u00eb veg\u00ebl te krimit dhe oligarkis\u00eb, q\u00eb po grabisin dhe shkat\u00ebrrojn\u00eb vendin duke mbjell\u00eb mjerim dhe pasiguri kudo.Kolegji i Kryetar\u00ebve ka vendosur p\u00ebr mbajtjen e protest\u00ebs komb\u00ebtare t\u00eb 11 majit si \u201cnj\u00eb p\u00ebrballje popullore p\u00ebr t\u00eb treguar se shqiptar\u00ebt refuzojn\u00eb kategorikisht t\u00eb vidhen dhe t\u00eb qeverisen nga krimi\u201d. \u201cFatura do t\u00eb jet\u00eb vet\u00ebm e Edi Ram\u00ebs.\u201d- \u00ebsht\u00eb shprehur Basha.<\/p>\n<p>Kolegji i Kryetar\u00ebve ka vendosur edhe p\u00ebr p\u00ebrshkall\u00ebzimin e aksionit opozitar, duke nisur me protesta rajonale n\u00eb akset kryesore komb\u00ebtare nga kjo e enjte.<\/p>\n<p>&nbsp;<\/p>","protected":false},"excerpt":{"rendered":"<p>Kreu i Partis\u00eb Demokratike, Lulzim Basha nga mbledhja e Kolegjit t\u00eb Kryetar\u00ebve, n\u00eb t\u00eb cil\u00ebn edhe u vendos data e protest\u00ebs s\u00eb ardhshme t\u00eb opozit\u00ebs s\u00eb bashkuar, nuk kurseu akuzat ndaj Qeveris\u00eb aktuale dhe kryeministrit Edi Rama. Basha, u ndal te zgjedhjet lokale t\u00eb cilat i cil\u00ebsoi nj\u00eb fars\u00eb, p\u00ebr faktin q\u00eb opozita nuk do [&hellip;]<\/p>\n","protected":false},"author":2013,"featured_media":79183,"comment_status":"open","ping_status":"closed","sticky":false,"template":"","format":"standard","meta":{"footnotes":""},"categories":[241,235],"tags":[],"class_list":{"0":"post-80399","1":"post","2":"type-post","3":"status-publish","4":"format-standard","5":"has-post-thumbnail","7":"category-aktualitet","8":"category-vendi"},"_links":{"self":[{"href":"https:\/\/zjarr.tv\/en\/wp-json\/wp\/v2\/posts\/80399","targetHints":{"allow":["GET"]}}],"collection":[{"href":"https:\/\/zjarr.tv\/en\/wp-json\/wp\/v2\/posts"}],"about":[{"href":"https:\/\/zjarr.tv\/en\/wp-json\/wp\/v2\/types\/post"}],"author":[{"embeddable":true,"href":"https:\/\/zjarr.tv\/en\/wp-json\/wp\/v2\/users\/2013"}],"replies":[{"embeddable":true,"href":"https:\/\/zjarr.tv\/en\/wp-json\/wp\/v2\/comments?post=80399"}],"version-history":[{"count":0,"href":"https:\/\/zjarr.tv\/en\/wp-json\/wp\/v2\/posts\/80399\/revisions"}],"wp:featuredmedia":[{"embeddable":true,"href":"https:\/\/zjarr.tv\/en\/wp-json\/wp\/v2\/media\/79183"}],"wp:attachment":[{"href":"https:\/\/zjarr.tv\/en\/wp-json\/wp\/v2\/media?parent=80399"}],"wp:term":[{"taxonomy":"category","embeddable":true,"href":"https:\/\/zjarr.tv\/en\/wp-json\/wp\/v2\/categories?post=80399"},{"taxonomy":"post_tag","embeddable":true,"href":"https:\/\/zjarr.tv\/en\/wp-json\/wp\/v2\/tags?post=80399"}],"curies":[{"name":"wp","href":"https:\/\/api.w.org\/{rel}","templated":true}]}}