{"id":80401,"date":"2019-04-22T14:01:51","date_gmt":"2019-04-22T12:01:51","guid":{"rendered":"https:\/\/zjarr.tv\/?p=80401"},"modified":"2019-04-22T14:01:51","modified_gmt":"2019-04-22T12:01:51","slug":"zvarriten-ceshtjet-gjyqesore-ne-durres","status":"publish","type":"post","link":"https:\/\/zjarr.tv\/en\/zvarriten-ceshtjet-gjyqesore-ne-durres\/","title":{"rendered":"Zvarriten \u00e7\u00ebshtjet gjyq\u00ebsore n\u00eb Durr\u00ebs"},"content":{"rendered":"<p>Delegimi i gjytar\u00ebve t\u00eb Durr\u00ebsit n\u00eb qytetin e Kavaj\u00ebs ka krijuar vonesa n\u00eb p\u00ebrfundimin n\u00eb koh\u00eb t\u00eb\u00a0 c\u00ebshtjeve\u00a0 p\u00ebr t\u00eb cilat jan\u00eb deleguar p\u00ebrgjat\u00eb vitit 2018, duke krijuar n\u00eb k\u00ebt\u00eb m\u00ebnyr\u00eb vonesa dhe zvarritje me shqyrtimin e dosjeve. K\u00ebt\u00eb fakt e ka b\u00ebr\u00eb t\u00eb ditur Krytarja e Gjykat\u00ebs s\u00eb Rrethit t\u00eb Durr\u00ebsit, Joana Qeleshi gjat\u00eb analiz\u00ebs vjetore t\u00eb k\u00ebtij institucioni.<\/p>\n<p>Sipas saj, n\u00eb Gjykat\u00ebn e Durr\u00ebsit ka nj\u00eb rritje t\u00eb ndjeshme t\u00eb c\u00ebshtjeve t\u00eb mbartura me rreth 1230 t\u00eb tilla ose 339 m\u00eb shum\u00eb se viti 2017. Shkak p\u00ebr k\u00ebt\u00eb situat\u00eb jan\u00eb b\u00ebr\u00eb parashikimet e reja ligjore sa i p\u00ebrket pezullimit t\u00eb gjykimeve, vecan\u00ebrisht kjo e theksuar p\u00ebr c\u00ebshtjet penale. Nd\u00ebrkoh\u00eb, e pranishme n\u00eb analiz\u00eb ishte dhe Prokuroria e Rrethit t\u00eb Durr\u00ebsit, Anita Jella,\u00a0 e cila gjat\u00eb fjal\u00ebs s\u00eb saj, e quajti sfidues vitin 2018 p\u00ebr organin e akuz\u00ebs, nd\u00ebrsa mbetet shqet\u00ebses kthimi I dosjeve p\u00ebr hetim<\/p>\n<p>Problematik\u00eb mbetet n\u00eb Gjykat\u00ebn e Durr\u00ebsit dhe mbulimi me audio i sallave dhe mungesa e infrastruktur\u00ebs s\u00eb nevojshme p\u00ebr zhvillimin e tyre. P\u00ebr vitin 2018 n\u00eb Gjykat\u00ebn e\u00a0 Durr\u00ebsit jan\u00eb regjistruar rreth 600 c\u00ebshtje me shum\u00eb se n\u00eb 2017, ose 8426 c\u00ebshjte civile dhe penale t\u00eb shqyrtuara, ku vet\u00ebm 6723 prej tyre jan\u00eb p\u00ebrfunduar.<\/p>\n<p>&nbsp;<\/p>\n<p>&nbsp;<\/p>","protected":false},"excerpt":{"rendered":"<p>Delegimi i gjytar\u00ebve t\u00eb Durr\u00ebsit n\u00eb qytetin e Kavaj\u00ebs ka krijuar vonesa n\u00eb p\u00ebrfundimin n\u00eb koh\u00eb t\u00eb\u00a0 c\u00ebshtjeve\u00a0 p\u00ebr t\u00eb cilat jan\u00eb deleguar p\u00ebrgjat\u00eb vitit 2018, duke krijuar n\u00eb k\u00ebt\u00eb m\u00ebnyr\u00eb vonesa dhe zvarritje me shqyrtimin e dosjeve. K\u00ebt\u00eb fakt e ka b\u00ebr\u00eb t\u00eb ditur Krytarja e Gjykat\u00ebs s\u00eb Rrethit t\u00eb Durr\u00ebsit, Joana Qeleshi gjat\u00eb [&hellip;]<\/p>\n","protected":false},"author":2013,"featured_media":67402,"comment_status":"open","ping_status":"closed","sticky":false,"template":"","format":"standard","meta":{"footnotes":""},"categories":[241,235],"tags":[],"class_list":{"0":"post-80401","1":"post","2":"type-post","3":"status-publish","4":"format-standard","5":"has-post-thumbnail","7":"category-aktualitet","8":"category-vendi"},"_links":{"self":[{"href":"https:\/\/zjarr.tv\/en\/wp-json\/wp\/v2\/posts\/80401","targetHints":{"allow":["GET"]}}],"collection":[{"href":"https:\/\/zjarr.tv\/en\/wp-json\/wp\/v2\/posts"}],"about":[{"href":"https:\/\/zjarr.tv\/en\/wp-json\/wp\/v2\/types\/post"}],"author":[{"embeddable":true,"href":"https:\/\/zjarr.tv\/en\/wp-json\/wp\/v2\/users\/2013"}],"replies":[{"embeddable":true,"href":"https:\/\/zjarr.tv\/en\/wp-json\/wp\/v2\/comments?post=80401"}],"version-history":[{"count":0,"href":"https:\/\/zjarr.tv\/en\/wp-json\/wp\/v2\/posts\/80401\/revisions"}],"wp:featuredmedia":[{"embeddable":true,"href":"https:\/\/zjarr.tv\/en\/wp-json\/wp\/v2\/media\/67402"}],"wp:attachment":[{"href":"https:\/\/zjarr.tv\/en\/wp-json\/wp\/v2\/media?parent=80401"}],"wp:term":[{"taxonomy":"category","embeddable":true,"href":"https:\/\/zjarr.tv\/en\/wp-json\/wp\/v2\/categories?post=80401"},{"taxonomy":"post_tag","embeddable":true,"href":"https:\/\/zjarr.tv\/en\/wp-json\/wp\/v2\/tags?post=80401"}],"curies":[{"name":"wp","href":"https:\/\/api.w.org\/{rel}","templated":true}]}}