{"id":80407,"date":"2019-04-22T14:07:13","date_gmt":"2019-04-22T12:07:13","guid":{"rendered":"https:\/\/zjarr.tv\/?p=80407"},"modified":"2019-04-22T14:07:13","modified_gmt":"2019-04-22T12:07:13","slug":"nuk-ndertohet-aeroporti-i-vlores-balluku-do-te-kete-nje-tjeter-tender","status":"publish","type":"post","link":"https:\/\/zjarr.tv\/en\/nuk-ndertohet-aeroporti-i-vlores-balluku-do-te-kete-nje-tjeter-tender\/","title":{"rendered":"Nuk nd\u00ebrtohet aeroporti i Vlor\u00ebs, Balluku: Do t\u00eb ket\u00eb nj\u00eb tjet\u00ebr tender"},"content":{"rendered":"<p><em>Ministrja e Infrastruktur\u00ebs nuk ka arritur t\u00eb gjej\u00eb marr\u00ebveshjen p\u00ebr t\u00eb nisur punimet n\u00eb nd\u00ebrtimin e aeroportit t\u00eb Vlor\u00ebs. \u00a0Zyrtarisht b\u00ebhet e ditur se shkak \u00ebsht\u00eb b\u00ebr\u00eb p\u00ebrfundimi i afatit q\u00eb ishte l\u00ebn\u00eb p\u00ebr paraqitjen e ofert\u00ebs. Edhe pse premtimi p\u00ebr k\u00ebt\u00eb aeroport u dha n\u00eb janar t\u00eb vitit 2018, tashm\u00eb m\u00eb shum\u00eb se nj\u00eb vit m\u00eb von\u00eb Balluku premton s\u00ebrish se do t\u00eb ket\u00eb nj\u00eb tjet\u00ebr tender, por q\u00eb deri m\u00eb tani nuk kemi asnj\u00eb hap t\u00eb konkretizuar .<\/em><\/p>\n<p>Edhe pse hapja e aeroportit te Vlor\u00ebs ishte nj\u00eb p\u00ebrpar\u00ebsi e qeveris\u00eb Rama realizimi i tij do t\u00eb shtyhet n\u00eb kohe. Ministrja Belinda Balluku nuk ka arritur n\u00eb nj\u00eb marr\u00ebveshje me Investitor\u00ebt turq. Zyrtarisht kjo ministri ka argumentuar t\u00ebrheqjen e investitor\u00ebve turq me faktin se ka \u00a0p\u00ebrfunduar afati i ligjit p\u00ebr koncesionin e VIA q\u00eb n\u00eb shtator t\u00eb vitit 2018.<\/p>\n<p>P\u00ebr nd\u00ebrtimin e aeroportit do t\u00eb \u00a0hapet nj\u00eb gar\u00eb nd\u00ebrkomb\u00ebtare. Nd\u00ebrtimi i aeroportit t\u00eb Vlor\u00ebs do t\u00eb jet\u00eb \u00a0nj\u00eb koncesion i form\u00ebs BOT p\u00ebr 35 vite, nd\u00ebrsa vlera e investimit parashikohet 98 mln euro dhe pritshm\u00ebrie jan\u00eb p\u00ebr rreth 600 mij\u00eb udh\u00ebtare n\u00eb vit.<\/p>\n<p>N\u00eb nisje t\u00eb vitit 2018 kryeministri Edi Rama theksoi se ky do t\u00eb jet\u00eb nj\u00eb investim i r\u00ebnd\u00ebsish\u00ebm q\u00eb do t\u00eb rris\u00eb si numrin e turist\u00ebve por edhe t\u00eb t\u00eb pun\u00ebsuarve. Madje n\u00eb parlament u votua dhe ligji q\u00eb i jepte t\u00eb drejt\u00ebn qeveris\u00eb p\u00ebr t\u00eb negociuar me kompanit\u00eb. Por duket se s\u00ebrish kemi mbetur n\u00eb vend num\u00ebro, pasi ministria e Infrastruktur\u00ebs deklaron se do t\u00eb ket\u00eb nj\u00eb tjet\u00ebr tender nd\u00ebrkomb\u00ebtar.<\/p>\n<p>Prej qeveris\u00eb shqiptare \u00ebsht\u00eb ofruar mund\u00ebsia q\u00eb kompanis\u00eb koncensionare do t\u00eb jet\u00eb shteti q\u00eb do ti mbuloj\u00eb shpenzimet n\u00eb rast humbjeve q\u00eb mund t\u00eb vijn\u00eb prej rrezikut t\u00eb nj\u00eb numri t\u00eb vog\u00ebl udh\u00ebtar\u00ebsh.<\/p>\n<p>&nbsp;<\/p>","protected":false},"excerpt":{"rendered":"<p>Ministrja e Infrastruktur\u00ebs nuk ka arritur t\u00eb gjej\u00eb marr\u00ebveshjen p\u00ebr t\u00eb nisur punimet n\u00eb nd\u00ebrtimin e aeroportit t\u00eb Vlor\u00ebs. \u00a0Zyrtarisht b\u00ebhet e ditur se shkak \u00ebsht\u00eb b\u00ebr\u00eb p\u00ebrfundimi i afatit q\u00eb ishte l\u00ebn\u00eb p\u00ebr paraqitjen e ofert\u00ebs. Edhe pse premtimi p\u00ebr k\u00ebt\u00eb aeroport u dha n\u00eb janar t\u00eb vitit 2018, tashm\u00eb m\u00eb shum\u00eb se nj\u00eb [&hellip;]<\/p>\n","protected":false},"author":2013,"featured_media":0,"comment_status":"open","ping_status":"closed","sticky":false,"template":"","format":"standard","meta":{"footnotes":""},"categories":[241,235],"tags":[],"class_list":{"0":"post-80407","1":"post","2":"type-post","3":"status-publish","4":"format-standard","6":"category-aktualitet","7":"category-vendi"},"_links":{"self":[{"href":"https:\/\/zjarr.tv\/en\/wp-json\/wp\/v2\/posts\/80407","targetHints":{"allow":["GET"]}}],"collection":[{"href":"https:\/\/zjarr.tv\/en\/wp-json\/wp\/v2\/posts"}],"about":[{"href":"https:\/\/zjarr.tv\/en\/wp-json\/wp\/v2\/types\/post"}],"author":[{"embeddable":true,"href":"https:\/\/zjarr.tv\/en\/wp-json\/wp\/v2\/users\/2013"}],"replies":[{"embeddable":true,"href":"https:\/\/zjarr.tv\/en\/wp-json\/wp\/v2\/comments?post=80407"}],"version-history":[{"count":0,"href":"https:\/\/zjarr.tv\/en\/wp-json\/wp\/v2\/posts\/80407\/revisions"}],"wp:attachment":[{"href":"https:\/\/zjarr.tv\/en\/wp-json\/wp\/v2\/media?parent=80407"}],"wp:term":[{"taxonomy":"category","embeddable":true,"href":"https:\/\/zjarr.tv\/en\/wp-json\/wp\/v2\/categories?post=80407"},{"taxonomy":"post_tag","embeddable":true,"href":"https:\/\/zjarr.tv\/en\/wp-json\/wp\/v2\/tags?post=80407"}],"curies":[{"name":"wp","href":"https:\/\/api.w.org\/{rel}","templated":true}]}}