{"id":80612,"date":"2019-04-23T14:46:19","date_gmt":"2019-04-23T12:46:19","guid":{"rendered":"https:\/\/zjarr.tv\/?p=80612"},"modified":"2019-04-23T14:46:19","modified_gmt":"2019-04-23T12:46:19","slug":"koalicioni-opozitar-kryemadhi-mbledh-kryesine-e-lsi-se","status":"publish","type":"post","link":"https:\/\/zjarr.tv\/en\/koalicioni-opozitar-kryemadhi-mbledh-kryesine-e-lsi-se\/","title":{"rendered":"Koalicioni opozitar, Kryemadhi mbledh Kryesin\u00eb e LSI-s\u00eb"},"content":{"rendered":"<p>Kryetarja e LSI-s\u00eb Monika Kryemadhi ka thirrur sot n\u00eb mbledhje Kryesin\u00eb e LSI-s\u00eb. M\u00ebsohet se n\u00eb fokus t\u00eb mbledhjes s\u00eb kryesis\u00eb s\u00eb LSI-s\u00eb, do jen\u00eb diskutimet p\u00ebr axhend\u00ebn dhe aksionin opozitar.<\/p>\n<p>Kryetarja e LSI-s\u00eb, Monika Kryemadhi ishte e fundit n\u00eb radh\u00eb por jo p\u00ebr nga r\u00ebnd\u00ebsia, q\u00eb firmosi marr\u00ebveshjen p\u00ebr krijimin e koalicionit opozitar me Partin\u00eb Demokratike. Ajo e cil\u00ebsoi \u201cflamurin e shpres\u00ebs p\u00ebr shqiptar\u00ebt\u201d k\u00ebt\u00eb marr\u00ebveshje dhe tha se \u00ebsht\u00eb e vetmja q\u00eb garanton zgjedhje t\u00eb lira e t\u00eb ndershme.<\/p>\n<p>\u201cSigurisht aksionit opozitar i shtohet nj\u00eb element tjet\u00ebr shum\u00eb i r\u00ebnd\u00ebsish\u00ebm p\u00ebr t\u00eb gjith\u00eb skeptik\u00ebt e opozit\u00ebs p\u00ebr t\u00eb gjith\u00eb ata q\u00eb duan t\u00eb din\u00eb se \u00e7far\u00eb ndodh. Tashm\u00eb kan\u00eb strategjin\u00eb, platform\u00ebn dhe alternativ\u00ebn e opozit\u00ebs, \u00ebsht\u00eb shum\u00eb e qart\u00eb, ju do t\u00eb njiheni menj\u00ebher\u00eb mbas k\u00ebsaj, vjen si rezultat i gjith\u00eb k\u00ebsaj axhend\u00eb opozitare e mir\u00eborganizuar prej 1 viti, e cila p\u00ebrfundon sot n\u00eb n\u00ebnshkrimin e nj\u00eb koalicioni t\u00eb p\u00ebrbashk\u00ebt opozitar p\u00ebrball\u00eb, nj\u00eb shteti t\u00eb kapur nga krimi i organizuar, e cila garanton mbi t\u00eb gjitha zgjedhje t\u00eb lira dhe t\u00eb ndershme. \u201c-u shpreh ajo.<\/p>\n<p>&nbsp;<\/p>","protected":false},"excerpt":{"rendered":"<p>Kryetarja e LSI-s\u00eb Monika Kryemadhi ka thirrur sot n\u00eb mbledhje Kryesin\u00eb e LSI-s\u00eb. M\u00ebsohet se n\u00eb fokus t\u00eb mbledhjes s\u00eb kryesis\u00eb s\u00eb LSI-s\u00eb, do jen\u00eb diskutimet p\u00ebr axhend\u00ebn dhe aksionin opozitar. Kryetarja e LSI-s\u00eb, Monika Kryemadhi ishte e fundit n\u00eb radh\u00eb por jo p\u00ebr nga r\u00ebnd\u00ebsia, q\u00eb firmosi marr\u00ebveshjen p\u00ebr krijimin e koalicionit opozitar me [&hellip;]<\/p>\n","protected":false},"author":2013,"featured_media":71942,"comment_status":"open","ping_status":"closed","sticky":false,"template":"","format":"standard","meta":{"footnotes":""},"categories":[241,235],"tags":[],"class_list":{"0":"post-80612","1":"post","2":"type-post","3":"status-publish","4":"format-standard","5":"has-post-thumbnail","7":"category-aktualitet","8":"category-vendi"},"_links":{"self":[{"href":"https:\/\/zjarr.tv\/en\/wp-json\/wp\/v2\/posts\/80612","targetHints":{"allow":["GET"]}}],"collection":[{"href":"https:\/\/zjarr.tv\/en\/wp-json\/wp\/v2\/posts"}],"about":[{"href":"https:\/\/zjarr.tv\/en\/wp-json\/wp\/v2\/types\/post"}],"author":[{"embeddable":true,"href":"https:\/\/zjarr.tv\/en\/wp-json\/wp\/v2\/users\/2013"}],"replies":[{"embeddable":true,"href":"https:\/\/zjarr.tv\/en\/wp-json\/wp\/v2\/comments?post=80612"}],"version-history":[{"count":0,"href":"https:\/\/zjarr.tv\/en\/wp-json\/wp\/v2\/posts\/80612\/revisions"}],"wp:featuredmedia":[{"embeddable":true,"href":"https:\/\/zjarr.tv\/en\/wp-json\/wp\/v2\/media\/71942"}],"wp:attachment":[{"href":"https:\/\/zjarr.tv\/en\/wp-json\/wp\/v2\/media?parent=80612"}],"wp:term":[{"taxonomy":"category","embeddable":true,"href":"https:\/\/zjarr.tv\/en\/wp-json\/wp\/v2\/categories?post=80612"},{"taxonomy":"post_tag","embeddable":true,"href":"https:\/\/zjarr.tv\/en\/wp-json\/wp\/v2\/tags?post=80612"}],"curies":[{"name":"wp","href":"https:\/\/api.w.org\/{rel}","templated":true}]}}