{"id":80616,"date":"2019-04-23T14:56:26","date_gmt":"2019-04-23T12:56:26","guid":{"rendered":"https:\/\/zjarr.tv\/?p=80616"},"modified":"2019-04-23T14:56:26","modified_gmt":"2019-04-23T12:56:26","slug":"rinas-shpallet-ne-kerkim-nje-tjeter-person","status":"publish","type":"post","link":"https:\/\/zjarr.tv\/en\/rinas-shpallet-ne-kerkim-nje-tjeter-person\/","title":{"rendered":"Rinas, shpallet n\u00eb k\u00ebrkim nj\u00eb tjet\u00ebr person"},"content":{"rendered":"<p>Mariglen Hoxha \u00ebsht\u00eb nj\u00eb tjet\u00ebr person, i cili \u00ebsht\u00eb shpallur n\u00eb k\u00ebrkim nga policia, i cili dyshohet se \u00ebsht\u00eb i p\u00ebrfshir\u00eb n\u00eb grabitjen e disa miliona eurove n\u00eb pist\u00ebn e aeroportit t\u00eb Rinasit, n\u00eb 9 prill. Nd\u00ebrkoh\u00eb t\u00eb arrestuar jan\u00eb shtetasit Renaldo Sula, 25 vje\u00e7, Alkon Bengasi, 34 vje\u00e7, Saimir \u00c7ela 28 vje\u00e7 dhe Oltian Veseli, 38 vje\u00e7 nga Kruja, t\u00eb cil\u00ebt akuzohen se kan\u00eb lidhje me grabitjen.<\/p>\n<p><strong>\u00a0Akuzat-\u00a0<\/strong>Mes akuzave te ngritura eshte dhe vrasja e punonjesve te policise e mbetur ne tentative<\/p>\n<p><strong>\u00a0<\/strong><em>Materialet \u00a0proceduriale n\u00eb ngarkim t\u00eb tyre, i kaluan Prokuroris\u00eb Pran\u00eb Gjykat\u00ebs s\u00eb Shkall\u00ebs s\u00eb Par\u00eb p\u00ebr Krime t\u00eb R\u00ebnda Tiran\u00eb p\u00ebr vepr\u00ebn penale \u00a0t\u00eb \u00a0\u201cVjedhjes me arm\u00eb t\u00eb kryer n\u00eb bashk\u00ebpunim\u201d n\u00eb kuad\u00ebr t\u00eb &#8220;Grupit t\u00eb Strukturuar Kriminal&#8221;, \u201dMbajtjes pa leje e arm\u00ebve dhe municioneve luftarake\u201d \u00a0&#8220;Vrasje e Punonj\u00ebsve t\u00eb Policis\u00eb \u201c e kryer n\u00eb bashk\u00ebpunim e mbetur n\u00eb tentativ\u00eb&#8221;\u00a0<\/em>thuhet ne njoftimin e policise se shtetit.<\/p>\n<p>&nbsp;<\/p>","protected":false},"excerpt":{"rendered":"<p>Mariglen Hoxha \u00ebsht\u00eb nj\u00eb tjet\u00ebr person, i cili \u00ebsht\u00eb shpallur n\u00eb k\u00ebrkim nga policia, i cili dyshohet se \u00ebsht\u00eb i p\u00ebrfshir\u00eb n\u00eb grabitjen e disa miliona eurove n\u00eb pist\u00ebn e aeroportit t\u00eb Rinasit, n\u00eb 9 prill. Nd\u00ebrkoh\u00eb t\u00eb arrestuar jan\u00eb shtetasit Renaldo Sula, 25 vje\u00e7, Alkon Bengasi, 34 vje\u00e7, Saimir \u00c7ela 28 vje\u00e7 dhe Oltian [&hellip;]<\/p>\n","protected":false},"author":2013,"featured_media":78424,"comment_status":"open","ping_status":"closed","sticky":false,"template":"","format":"standard","meta":{"footnotes":""},"categories":[241,235],"tags":[],"class_list":{"0":"post-80616","1":"post","2":"type-post","3":"status-publish","4":"format-standard","5":"has-post-thumbnail","7":"category-aktualitet","8":"category-vendi"},"_links":{"self":[{"href":"https:\/\/zjarr.tv\/en\/wp-json\/wp\/v2\/posts\/80616","targetHints":{"allow":["GET"]}}],"collection":[{"href":"https:\/\/zjarr.tv\/en\/wp-json\/wp\/v2\/posts"}],"about":[{"href":"https:\/\/zjarr.tv\/en\/wp-json\/wp\/v2\/types\/post"}],"author":[{"embeddable":true,"href":"https:\/\/zjarr.tv\/en\/wp-json\/wp\/v2\/users\/2013"}],"replies":[{"embeddable":true,"href":"https:\/\/zjarr.tv\/en\/wp-json\/wp\/v2\/comments?post=80616"}],"version-history":[{"count":0,"href":"https:\/\/zjarr.tv\/en\/wp-json\/wp\/v2\/posts\/80616\/revisions"}],"wp:featuredmedia":[{"embeddable":true,"href":"https:\/\/zjarr.tv\/en\/wp-json\/wp\/v2\/media\/78424"}],"wp:attachment":[{"href":"https:\/\/zjarr.tv\/en\/wp-json\/wp\/v2\/media?parent=80616"}],"wp:term":[{"taxonomy":"category","embeddable":true,"href":"https:\/\/zjarr.tv\/en\/wp-json\/wp\/v2\/categories?post=80616"},{"taxonomy":"post_tag","embeddable":true,"href":"https:\/\/zjarr.tv\/en\/wp-json\/wp\/v2\/tags?post=80616"}],"curies":[{"name":"wp","href":"https:\/\/api.w.org\/{rel}","templated":true}]}}