{"id":80648,"date":"2019-04-23T15:25:34","date_gmt":"2019-04-23T13:25:34","guid":{"rendered":"https:\/\/zjarr.tv\/?p=80648"},"modified":"2019-04-23T15:25:34","modified_gmt":"2019-04-23T13:25:34","slug":"minatoret-proteste-per-statusin-ministrja-balluku-nuk-dergon-draftin-te-financat","status":"publish","type":"post","link":"https:\/\/zjarr.tv\/en\/minatoret-proteste-per-statusin-ministrja-balluku-nuk-dergon-draftin-te-financat\/","title":{"rendered":"Minator\u00ebt protest\u00eb p\u00ebr statusin, ministrja Balluku nuk d\u00ebrgon draftin te Financat"},"content":{"rendered":"<p><em>Statusi i minator\u00ebve vijon t\u00eb mbahet pezull nga ministrja Belinda Balluku, e cila nuk e ka p\u00ebrcjell\u00eb draftin dhe propozimet e tyre n\u00eb ministrin\u00eb e Financave. Nd\u00ebrkoh\u00eb, q\u00eb minator\u00ebt vijojn\u00eb me protestat afati i vendosur p\u00ebr miratimin e statusit n\u00eb fund t\u00eb shkurtit tashm\u00eb ka kaluar me disa muaj duke e l\u00ebn\u00eb \u00e7\u00ebshtjen t\u00eb pazgjidhur.<\/em><\/p>\n<p>Ministrja e Energjitik\u00ebs Belinda Balluku vijon t\u00eb mbaj\u00eb pezull statusin e minatorit. Drafti p\u00ebr statusin e punonj\u00ebsve t\u00eb sektorit t\u00eb minierave i propozuar prej minator\u00ebve nuk \u00ebsht\u00eb p\u00ebrcjell\u00eb ende nga Ministria e Energjitik\u00ebs n\u00eb Ministrin\u00eb e Financave, si\u00e7 ishte premtuar duke e len\u00eb n\u00eb ng\u00ebr\u00e7 situat\u00ebn e tyre . Nd\u00ebrsa vet\u00eb minator\u00ebt, vazhdojn\u00eb t\u00eb protestojn\u00eb p\u00ebr t\u00eb k\u00ebrkuar t\u00eb drejt\u00ebn q\u00eb iu \u00ebsht\u00eb premtuar m\u00eb par\u00eb.<\/p>\n<p><em>&#8220;P\u00ebr statusin kemi ardhur. Nuk e miratojn\u00eb dot ata, ne k\u00ebrkojm\u00eb t\u00eb drejt\u00ebn ton\u00eb&#8221;<\/em><\/p>\n<p>Minator\u00ebt i k\u00ebrkuan Qeveris\u00eb t\u00eb mos hesht\u00eb m\u00eb p\u00ebr k\u00ebt\u00eb \u00e7\u00ebshtje.<\/p>\n<p><em>&#8220;Po vuajm\u00eb n\u00eb m\u00ebnyr\u00eb barbare, prandaj b\u00ebjm\u00eb thirrje dil djhe bisedo me minator\u00ebt&#8221;<\/em><\/p>\n<p>Edhe pse u premtua se do t\u00eb miratohej n\u00eb fund t\u00eb shkurtit t\u00eb k\u00ebtij viti, statusi i minatorit duket ende nj\u00eb premtim i larg\u00ebt, jo vet\u00ebm p\u00ebr personat q\u00eb shpresojn\u00eb p\u00ebr t\u00eb, por edhe p\u00ebr ata q\u00eb vijojn\u00eb ende t\u00eb punojn\u00eb n\u00ebn tok\u00eb.<\/p>\n<p>&nbsp;<\/p>","protected":false},"excerpt":{"rendered":"<p>Statusi i minator\u00ebve vijon t\u00eb mbahet pezull nga ministrja Belinda Balluku, e cila nuk e ka p\u00ebrcjell\u00eb draftin dhe propozimet e tyre n\u00eb ministrin\u00eb e Financave. Nd\u00ebrkoh\u00eb, q\u00eb minator\u00ebt vijojn\u00eb me protestat afati i vendosur p\u00ebr miratimin e statusit n\u00eb fund t\u00eb shkurtit tashm\u00eb ka kaluar me disa muaj duke e l\u00ebn\u00eb \u00e7\u00ebshtjen t\u00eb pazgjidhur. [&hellip;]<\/p>\n","protected":false},"author":2013,"featured_media":80649,"comment_status":"open","ping_status":"closed","sticky":false,"template":"","format":"standard","meta":{"footnotes":""},"categories":[241,235],"tags":[],"class_list":{"0":"post-80648","1":"post","2":"type-post","3":"status-publish","4":"format-standard","5":"has-post-thumbnail","7":"category-aktualitet","8":"category-vendi"},"_links":{"self":[{"href":"https:\/\/zjarr.tv\/en\/wp-json\/wp\/v2\/posts\/80648","targetHints":{"allow":["GET"]}}],"collection":[{"href":"https:\/\/zjarr.tv\/en\/wp-json\/wp\/v2\/posts"}],"about":[{"href":"https:\/\/zjarr.tv\/en\/wp-json\/wp\/v2\/types\/post"}],"author":[{"embeddable":true,"href":"https:\/\/zjarr.tv\/en\/wp-json\/wp\/v2\/users\/2013"}],"replies":[{"embeddable":true,"href":"https:\/\/zjarr.tv\/en\/wp-json\/wp\/v2\/comments?post=80648"}],"version-history":[{"count":0,"href":"https:\/\/zjarr.tv\/en\/wp-json\/wp\/v2\/posts\/80648\/revisions"}],"wp:featuredmedia":[{"embeddable":true,"href":"https:\/\/zjarr.tv\/en\/wp-json\/wp\/v2\/media\/80649"}],"wp:attachment":[{"href":"https:\/\/zjarr.tv\/en\/wp-json\/wp\/v2\/media?parent=80648"}],"wp:term":[{"taxonomy":"category","embeddable":true,"href":"https:\/\/zjarr.tv\/en\/wp-json\/wp\/v2\/categories?post=80648"},{"taxonomy":"post_tag","embeddable":true,"href":"https:\/\/zjarr.tv\/en\/wp-json\/wp\/v2\/tags?post=80648"}],"curies":[{"name":"wp","href":"https:\/\/api.w.org\/{rel}","templated":true}]}}