{"id":80662,"date":"2019-04-23T15:42:38","date_gmt":"2019-04-23T13:42:38","guid":{"rendered":"https:\/\/zjarr.tv\/?p=80662"},"modified":"2019-04-23T15:42:38","modified_gmt":"2019-04-23T13:42:38","slug":"bindja-demokratike-kerkeze-kzq-se-per-te-hyre-ne-zgjedhje-por-ligji-e-ndalon-te-marre-pjese","status":"publish","type":"post","link":"https:\/\/zjarr.tv\/en\/bindja-demokratike-kerkeze-kzq-se-per-te-hyre-ne-zgjedhje-por-ligji-e-ndalon-te-marre-pjese\/","title":{"rendered":"Bindja Demokratike, k\u00ebrkez\u00eb KZQ-s\u00eb p\u00ebr t\u00eb hyr\u00eb n\u00eb zgjedhje, por ligji e ndalon t\u00eb marr\u00eb pjes\u00eb"},"content":{"rendered":"<p>Partia m\u00eb e re n\u00eb Shqip\u00ebri, Bindja Demorkatike, pas regjistrimit zyrtarisht n\u00eb gjyakt\u00eb ka \u00e7uar k\u00ebkres\u00ebn dhe p\u00ebr regjistrimin n\u00eb KQZ p\u00ebr zgjedhjet vendore t\u00eb 30 qershorit. Sipas burimeve t\u00eb Dosja.al k\u00ebrkesa n\u00eb KQZ \u00ebsht\u00eb dor\u00ebzuar sot, menj\u00ebher\u00eb pasi \u00ebsht\u00eb marr\u00eb \u201cOk\u201d p\u00ebr nisjen e regjistrimit nga Gjykata Civile n\u00eb Tiran\u00eb. Por, sipas ligjit p\u00ebr Partit\u00eb Politike, Gjykata pasi merr dokumentacionin, duhet t\u00eb jap\u00eb p\u00ebrgjigje brenda 30 dit\u00ebve, por edhe n\u00ebse ndodh q\u00eb vendimi t\u00eb merret sot, q\u00eb vendimi t\u00eb marr\u00eb form\u00eb t\u00eb prer\u00eb, duhen 15 dit\u00eb. Pra, n\u00eb k\u00ebt\u00eb m\u00ebnyr\u00eb Bindja Demokratike nuk mund t\u2019i arrij\u00eb afatet n\u00ebse do t\u00eb pres\u00eb q\u00eb vendimi t\u00eb marr\u00eb form\u00eb t\u00eb prer\u00eb.<\/p>\n<p>\u201c<strong>Vendimi i gjykat\u00ebs p\u00ebr regjistrimin ose mos-regjistrimin e partive politike n\u00eb regjistrin e partive politike mund t\u00eb ankimohet n\u00eb gjykat\u00ebn e apelit t\u00eb Tiran\u00ebs brenda 15 dit\u00ebve nga data e shpalljes s\u00eb vendimit t\u00eb gjykat\u00ebs<\/strong><em>\u201d<\/em>, thuhet n\u00eb nenin 15 t\u00eb ligjit t\u00eb partive.<\/p>\n<p>Pasi ka \u00e7uar k\u00ebrkes\u00ebn sot p\u00ebr regjstrim n\u00eb zgjedhje, KQZ do t\u00eb k\u00ebrkoj\u00eb dhe plot\u00ebsimin e dokumentacionit me vendimin e gjykat\u00ebs. Duke mos e patur vendimin e form\u00ebs s\u00eb prer\u00eb, n\u00eb baz\u00eb t\u00eb ligjit, KQZ i jep afat 5 ditor partive p\u00ebr ta plot\u00ebsuar. Ky afat nuk \u00ebsht\u00eb gjithashtu i mjaftuesh\u00ebm p\u00ebr partin\u00eb e re q\u00eb t\u00eb marr\u00eb vendimin e Gjykat\u00ebs.<\/p>\n<p>N\u00eb k\u00ebto kushte, pavar\u00ebsisht nxitimit p\u00ebr t\u2019u themeluar n\u00eb afatet e fundit ligjore p\u00ebr regjistrimin n\u00eb zgjedhje, Bindja Demokratike, nuk e ka mund\u00ebsin\u00eb t\u00eb regjistrohet ligj\u00ebrisht. E vetmja mund\u00ebsi \u00ebsht\u00eb q\u00eb QKZ t\u00eb shtyj\u00eb afatin e regjistrimit, n\u00eb shkelje t\u00eb Kodit Zgjedhor n\u00eb Fuqi (shtyrje q\u00eb ka ndodhur edhe n\u00eb zgjedhjet e m\u00ebparshme), t\u00eb pakt\u00ebn me 15 dit\u00eb.<\/p>\n<p>Deri tani dim\u00eb vet\u00ebm q\u00eb, Bindja Demorkatike \u00ebsht\u00eb e bindur q\u00eb k\u00ebrkon t\u00eb hyj\u00eb n\u00eb zgjedhje, por nuk dihet n\u00ebse do t\u00eb ket\u00eb mekanizma ligjor q\u00eb t\u2019i japin asja t\u00eb drejt\u00ebn p\u00ebr t\u00eb marr\u00eb pjes\u00eb n\u00eb zgjedhjet lokale.<\/p>\n<p>&nbsp;<\/p>","protected":false},"excerpt":{"rendered":"<p>Partia m\u00eb e re n\u00eb Shqip\u00ebri, Bindja Demorkatike, pas regjistrimit zyrtarisht n\u00eb gjyakt\u00eb ka \u00e7uar k\u00ebkres\u00ebn dhe p\u00ebr regjistrimin n\u00eb KQZ p\u00ebr zgjedhjet vendore t\u00eb 30 qershorit. Sipas burimeve t\u00eb Dosja.al k\u00ebrkesa n\u00eb KQZ \u00ebsht\u00eb dor\u00ebzuar sot, menj\u00ebher\u00eb pasi \u00ebsht\u00eb marr\u00eb \u201cOk\u201d p\u00ebr nisjen e regjistrimit nga Gjykata Civile n\u00eb Tiran\u00eb. Por, sipas ligjit p\u00ebr [&hellip;]<\/p>\n","protected":false},"author":2013,"featured_media":0,"comment_status":"open","ping_status":"closed","sticky":false,"template":"","format":"standard","meta":{"footnotes":""},"categories":[241,235],"tags":[],"class_list":{"0":"post-80662","1":"post","2":"type-post","3":"status-publish","4":"format-standard","6":"category-aktualitet","7":"category-vendi"},"_links":{"self":[{"href":"https:\/\/zjarr.tv\/en\/wp-json\/wp\/v2\/posts\/80662","targetHints":{"allow":["GET"]}}],"collection":[{"href":"https:\/\/zjarr.tv\/en\/wp-json\/wp\/v2\/posts"}],"about":[{"href":"https:\/\/zjarr.tv\/en\/wp-json\/wp\/v2\/types\/post"}],"author":[{"embeddable":true,"href":"https:\/\/zjarr.tv\/en\/wp-json\/wp\/v2\/users\/2013"}],"replies":[{"embeddable":true,"href":"https:\/\/zjarr.tv\/en\/wp-json\/wp\/v2\/comments?post=80662"}],"version-history":[{"count":0,"href":"https:\/\/zjarr.tv\/en\/wp-json\/wp\/v2\/posts\/80662\/revisions"}],"wp:attachment":[{"href":"https:\/\/zjarr.tv\/en\/wp-json\/wp\/v2\/media?parent=80662"}],"wp:term":[{"taxonomy":"category","embeddable":true,"href":"https:\/\/zjarr.tv\/en\/wp-json\/wp\/v2\/categories?post=80662"},{"taxonomy":"post_tag","embeddable":true,"href":"https:\/\/zjarr.tv\/en\/wp-json\/wp\/v2\/tags?post=80662"}],"curies":[{"name":"wp","href":"https:\/\/api.w.org\/{rel}","templated":true}]}}