{"id":80665,"date":"2019-04-23T15:46:03","date_gmt":"2019-04-23T13:46:03","guid":{"rendered":"https:\/\/zjarr.tv\/?p=80665"},"modified":"2019-04-23T15:46:03","modified_gmt":"2019-04-23T13:46:03","slug":"itali-shuhet-ne-aksident-16-vjecarja-shqiptare","status":"publish","type":"post","link":"https:\/\/zjarr.tv\/en\/itali-shuhet-ne-aksident-16-vjecarja-shqiptare\/","title":{"rendered":"Itali, shuhet n\u00eb aksident 16-vje\u00e7arja shqiptare"},"content":{"rendered":"<p>Nj\u00eb aksident tragjik ndodhi pasditen e s\u00eb h\u00ebn\u00ebs n\u00eb Pordenone t\u00eb Italis\u00eb fqinje, viktim\u00eb e s\u00eb cil\u00ebs mbet\u00ebn dy t\u00eb rinj,\u00a016-vje\u00e7arja Elisa Pitussi, me origjin\u00eb nga qyteti i Durr\u00ebsit dhe Catalin Fendic, nj\u00eb 19-vje\u00e7ar me origjin\u00eb nga Maroku, t\u00eb dy rezident\u00eb n\u00eb Spilimbergo.<\/p>\n<p>Ngjarja e r\u00ebnd\u00eb ndodhi rreth 16:00, n\u00eb nj\u00eb rrug\u00eb mes Spilimbergo dhe San Giorgio della Richinvelda, si pasoj\u00eb e humbjes s\u00eb kontrollit nga\u00a019-vje\u00e7ari n\u00eb rrethana ende t\u00eb paqarta.<\/p>\n<p>Dy t\u00eb rinjt\u00eb humb\u00ebn jet\u00ebn n\u00eb vendngjarje, pavar\u00ebsisht se n\u00eb ndihm\u00eb t\u00eb tyre shkoi edhe nj\u00eb helikopter.<\/p>\n<p>Alarmin e dhan\u00eb dy miq t\u00eb t\u00eb rinjve, q\u00eb udh\u00ebtonin para tyre me nj\u00eb tjet\u00ebr makin\u00eb. Duke qen\u00eb se nuk Elisa dhe Catalin nuk po mb\u00ebrrinin, ata i mor\u00ebn fillimisht n\u00eb telefon. Por kur asnj\u00eb prej tyre nuk u p\u00ebrgjigj, ata vendos\u00ebn t\u00eb ktheheshin pas me makin\u00eb, duke zbuluar k\u00ebshtu tragjedin\u00eb q\u00eb kishte ndodhur.<\/p>\n<p>Nj\u00eb prej tyre u p\u00ebrpoq q\u00eb t\u2019u vinte n\u00eb ndihm\u00eb t\u00eb rinjve, por rrymat e forta t\u00eb ujit nuk e lejuan. M\u00ebsohet se edhe nd\u00ebrhyrja e zjarrfik\u00ebsve ishte e v\u00ebshtir\u00eb p\u00ebr shkak se presioni i fort\u00eb i ujit nuk i lejonte t\u00eb hapnin dyert e makin\u00ebs<\/p>\n<p>&nbsp;<\/p>","protected":false},"excerpt":{"rendered":"<p>Nj\u00eb aksident tragjik ndodhi pasditen e s\u00eb h\u00ebn\u00ebs n\u00eb Pordenone t\u00eb Italis\u00eb fqinje, viktim\u00eb e s\u00eb cil\u00ebs mbet\u00ebn dy t\u00eb rinj,\u00a016-vje\u00e7arja Elisa Pitussi, me origjin\u00eb nga qyteti i Durr\u00ebsit dhe Catalin Fendic, nj\u00eb 19-vje\u00e7ar me origjin\u00eb nga Maroku, t\u00eb dy rezident\u00eb n\u00eb Spilimbergo. Ngjarja e r\u00ebnd\u00eb ndodhi rreth 16:00, n\u00eb nj\u00eb rrug\u00eb mes Spilimbergo dhe [&hellip;]<\/p>\n","protected":false},"author":2013,"featured_media":80666,"comment_status":"open","ping_status":"closed","sticky":false,"template":"","format":"standard","meta":{"footnotes":""},"categories":[241,235],"tags":[],"class_list":{"0":"post-80665","1":"post","2":"type-post","3":"status-publish","4":"format-standard","5":"has-post-thumbnail","7":"category-aktualitet","8":"category-vendi"},"_links":{"self":[{"href":"https:\/\/zjarr.tv\/en\/wp-json\/wp\/v2\/posts\/80665","targetHints":{"allow":["GET"]}}],"collection":[{"href":"https:\/\/zjarr.tv\/en\/wp-json\/wp\/v2\/posts"}],"about":[{"href":"https:\/\/zjarr.tv\/en\/wp-json\/wp\/v2\/types\/post"}],"author":[{"embeddable":true,"href":"https:\/\/zjarr.tv\/en\/wp-json\/wp\/v2\/users\/2013"}],"replies":[{"embeddable":true,"href":"https:\/\/zjarr.tv\/en\/wp-json\/wp\/v2\/comments?post=80665"}],"version-history":[{"count":0,"href":"https:\/\/zjarr.tv\/en\/wp-json\/wp\/v2\/posts\/80665\/revisions"}],"wp:featuredmedia":[{"embeddable":true,"href":"https:\/\/zjarr.tv\/en\/wp-json\/wp\/v2\/media\/80666"}],"wp:attachment":[{"href":"https:\/\/zjarr.tv\/en\/wp-json\/wp\/v2\/media?parent=80665"}],"wp:term":[{"taxonomy":"category","embeddable":true,"href":"https:\/\/zjarr.tv\/en\/wp-json\/wp\/v2\/categories?post=80665"},{"taxonomy":"post_tag","embeddable":true,"href":"https:\/\/zjarr.tv\/en\/wp-json\/wp\/v2\/tags?post=80665"}],"curies":[{"name":"wp","href":"https:\/\/api.w.org\/{rel}","templated":true}]}}