{"id":80679,"date":"2019-04-23T15:59:02","date_gmt":"2019-04-23T13:59:02","guid":{"rendered":"https:\/\/zjarr.tv\/?p=80679"},"modified":"2019-04-23T15:59:02","modified_gmt":"2019-04-23T13:59:02","slug":"rama-nuk-i-pranon-doreheqjen-blushit","status":"publish","type":"post","link":"https:\/\/zjarr.tv\/en\/rama-nuk-i-pranon-doreheqjen-blushit\/","title":{"rendered":"Rama nuk i pranon dor\u00ebheqjen Blushit"},"content":{"rendered":"<p>Ben Blushi menj\u00ebher\u00eb pas zgjedhjeve t\u00eb vitit 2017 ku d\u00ebshtoi t\u00eb merrte qofte dhe nj\u00eb mandat deputeti, b\u00ebri publik vendimin p\u00ebr t\u00eb shkrir\u00eb partin\u00eb e tij \u2018Libra\u2019.<\/p>\n<p>Megjithat\u00eb nj\u00eb pjes\u00eb nuk ju bind duke zgjedhur nj\u00eb kryetar tjet\u00ebr.<\/p>\n<p>Sot ka ndodhur ajo q\u00eb askush nuk e priste. Edhe pse Blushi dha dor\u00ebheqjen nga \u2018Libra\u2019, sot an\u00ebtaret socialist\u00eb t\u00eb KQZ nuk kan\u00eb pranuar ta regjistrojn\u00eb \u2018Libra-n\u2019 me emrin e kryetarit t\u00eb saj, por me emrin e Ben Blushit kryetar.<\/p>\n<p>Nj\u00ebkoh\u00ebsisht Ben Blushi \u00ebsht\u00eb edhe ndihm\u00ebs i Endri Fug\u00ebs n\u00eb drejtimin e lajmeve te \u2018TCH\u2019.<\/p>\n<p>&nbsp;<\/p>","protected":false},"excerpt":{"rendered":"<p>Ben Blushi menj\u00ebher\u00eb pas zgjedhjeve t\u00eb vitit 2017 ku d\u00ebshtoi t\u00eb merrte qofte dhe nj\u00eb mandat deputeti, b\u00ebri publik vendimin p\u00ebr t\u00eb shkrir\u00eb partin\u00eb e tij \u2018Libra\u2019. Megjithat\u00eb nj\u00eb pjes\u00eb nuk ju bind duke zgjedhur nj\u00eb kryetar tjet\u00ebr. Sot ka ndodhur ajo q\u00eb askush nuk e priste. Edhe pse Blushi dha dor\u00ebheqjen nga \u2018Libra\u2019, sot [&hellip;]<\/p>\n","protected":false},"author":2013,"featured_media":0,"comment_status":"open","ping_status":"closed","sticky":false,"template":"","format":"standard","meta":{"footnotes":""},"categories":[241,235],"tags":[],"class_list":{"0":"post-80679","1":"post","2":"type-post","3":"status-publish","4":"format-standard","6":"category-aktualitet","7":"category-vendi"},"_links":{"self":[{"href":"https:\/\/zjarr.tv\/en\/wp-json\/wp\/v2\/posts\/80679","targetHints":{"allow":["GET"]}}],"collection":[{"href":"https:\/\/zjarr.tv\/en\/wp-json\/wp\/v2\/posts"}],"about":[{"href":"https:\/\/zjarr.tv\/en\/wp-json\/wp\/v2\/types\/post"}],"author":[{"embeddable":true,"href":"https:\/\/zjarr.tv\/en\/wp-json\/wp\/v2\/users\/2013"}],"replies":[{"embeddable":true,"href":"https:\/\/zjarr.tv\/en\/wp-json\/wp\/v2\/comments?post=80679"}],"version-history":[{"count":0,"href":"https:\/\/zjarr.tv\/en\/wp-json\/wp\/v2\/posts\/80679\/revisions"}],"wp:attachment":[{"href":"https:\/\/zjarr.tv\/en\/wp-json\/wp\/v2\/media?parent=80679"}],"wp:term":[{"taxonomy":"category","embeddable":true,"href":"https:\/\/zjarr.tv\/en\/wp-json\/wp\/v2\/categories?post=80679"},{"taxonomy":"post_tag","embeddable":true,"href":"https:\/\/zjarr.tv\/en\/wp-json\/wp\/v2\/tags?post=80679"}],"curies":[{"name":"wp","href":"https:\/\/api.w.org\/{rel}","templated":true}]}}