{"id":80684,"date":"2019-04-23T16:02:28","date_gmt":"2019-04-23T14:02:28","guid":{"rendered":"https:\/\/zjarr.tv\/?p=80684"},"modified":"2019-04-23T16:02:28","modified_gmt":"2019-04-23T14:02:28","slug":"pas-shiut-vendi-pushtohet-nga-erera-me-rere-nga-afrika","status":"publish","type":"post","link":"https:\/\/zjarr.tv\/en\/pas-shiut-vendi-pushtohet-nga-erera-me-rere-nga-afrika\/","title":{"rendered":"Pas shiut, vendi pushtohet nga er\u00ebra me r\u00ebr\u00eb nga Afrika"},"content":{"rendered":"<p>Sasi t\u00eb m\u00ebdha r\u00ebre nga Saharaja do t\u00eb kalojn\u00eb sot nga Afrika e Veriut mbi Mesdhe p\u00ebr t\u00eb mb\u00ebrritur deri n\u00eb veri t\u00eb Europ\u00ebs n\u00eb 48 or\u00ebt e ardhshme. Er\u00ebrat e forta do t\u00eb b\u00ebjn\u00eb t\u00eb mundur q\u00eb r\u00ebra e shkret\u00ebtir\u00ebs t\u00eb mb\u00ebrrij\u00eb deri n\u00eb Island\u00eb.<\/p>\n<p>Shum\u00eb r\u00ebr\u00eb pritet t\u00eb fluturoj\u00eb mbi Mesdheun qendror, p\u00ebrfshir\u00eb Malt\u00ebn, Shqip\u00ebrin\u00eb e Greqin\u00eb, deri n\u00eb Turqin\u00eb per\u00ebndimore e Qipro. Por r\u00ebra e Saharas\u00eb do t\u00eb shkoj\u00eb lart drejt veriut deri n\u00eb Detin e Norvegjis\u00eb, duke arritur Island\u00ebn e m\u00eb tej brenda fundit t\u00eb dit\u00ebs.<\/p>\n<p>Re t\u00eb m\u00ebdha r\u00ebre nga Saharaja do t\u00eb fluturojn\u00eb mbi Spanj\u00ebn verilindor, Franc\u00eb, Zvic\u00ebr, Gjermani, Beneluks e n\u00eb ve\u00e7anti mbi Britani e Irland\u00eb. Nd\u00ebrkoh\u00eb, r\u00ebra do t\u00eb p\u00ebrhapet edhe drejt verilidjes dhe lindjes dhe n\u00eb pjes\u00ebn m\u00eb t\u00eb madhe t\u00eb Evrop\u00ebs qendrore e juglindore, deri n\u00eb jug t\u00eb Polonis\u00eb, n\u00eb Ukrain\u00ebn per\u00ebndimore, Rumani, Bullgari e Turqin\u00eb per\u00ebndimore.<\/p>\n<p>Nd\u00ebrsa dit\u00ebn e nes\u00ebrme reja e r\u00ebr\u00ebs mbi Britani e Irland\u00eb do t\u00eb shtyhet leht\u00eb drejt veriut, me qiellin q\u00eb do t\u00eb pastrohet deri n\u00eb mbr\u00ebmje. M\u00eb n\u00eb veri, r\u00ebra do t\u00eb arrij\u00eb Island\u00ebn, n\u00eb sasi t\u00eb konsiderueshme. Deri n\u00eb mbr\u00ebmje, pluhuri afrikan do t\u00eb kap\u00eb Groenland\u00ebn. R\u00ebra do t\u00eb b\u00ebj\u00eb s\u00ebrish xhiro mbi Evrop\u00ebn qendrore, lindore e juglindore. Edhe zona deri n\u00eb fund t\u00eb Norvegjis\u00eb, jug t\u00eb Suedis\u00eb e vendet baltike do t\u00eb arrihen nga r\u00ebra. Sasia m\u00eb e madhe do t\u00eb jet\u00eb n\u00eb Mesdheun qendror e lindor dhe mbi Evrop\u00ebn lindore: Greqi, Qipro, Turqin\u00eb qendrore e per\u00ebndimore, Bullgari, Rumani dhe Ukrain\u00ebn per\u00ebndimore.<\/p>\n<p>Er\u00ebrat e ftohta m\u00eb pas do t\u00eb shtyjn\u00eb val\u00ebn e re t\u00eb r\u00ebr\u00ebs mbi Mesdheun per\u00ebndimore e mbi Evrop\u00ebn qendrore, duke goditur Balearet, Korsik\u00ebn, Italin\u00eb, Zvicr\u00ebn, Austrin\u00eb, pjes\u00eb t\u00eb Gjermanis\u00eb e Beneluksit.<\/p>\n<p>N\u00eb shum\u00eb zona r\u00ebra e Saharas\u00eb do t\u00eb p\u00ebrzihet me pluhurin duke err\u00ebsuar qiellin. N\u00eb vendet me shi do t\u00eb vihen re sasi t\u00eb m\u00ebdha r\u00ebre mbi sip\u00ebrfaqet e jashtme, nd\u00ebrsa aty ku nuk do t\u00eb ket\u00eb shi do t\u00eb ket\u00eb precipitime pluhuri m\u00eb uniforme.<\/p>\n<p>&nbsp;<\/p>","protected":false},"excerpt":{"rendered":"<p>Sasi t\u00eb m\u00ebdha r\u00ebre nga Saharaja do t\u00eb kalojn\u00eb sot nga Afrika e Veriut mbi Mesdhe p\u00ebr t\u00eb mb\u00ebrritur deri n\u00eb veri t\u00eb Europ\u00ebs n\u00eb 48 or\u00ebt e ardhshme. Er\u00ebrat e forta do t\u00eb b\u00ebjn\u00eb t\u00eb mundur q\u00eb r\u00ebra e shkret\u00ebtir\u00ebs t\u00eb mb\u00ebrrij\u00eb deri n\u00eb Island\u00eb. Shum\u00eb r\u00ebr\u00eb pritet t\u00eb fluturoj\u00eb mbi Mesdheun qendror, p\u00ebrfshir\u00eb [&hellip;]<\/p>\n","protected":false},"author":2013,"featured_media":80685,"comment_status":"open","ping_status":"closed","sticky":false,"template":"","format":"standard","meta":{"footnotes":""},"categories":[241,235],"tags":[],"class_list":{"0":"post-80684","1":"post","2":"type-post","3":"status-publish","4":"format-standard","5":"has-post-thumbnail","7":"category-aktualitet","8":"category-vendi"},"_links":{"self":[{"href":"https:\/\/zjarr.tv\/en\/wp-json\/wp\/v2\/posts\/80684","targetHints":{"allow":["GET"]}}],"collection":[{"href":"https:\/\/zjarr.tv\/en\/wp-json\/wp\/v2\/posts"}],"about":[{"href":"https:\/\/zjarr.tv\/en\/wp-json\/wp\/v2\/types\/post"}],"author":[{"embeddable":true,"href":"https:\/\/zjarr.tv\/en\/wp-json\/wp\/v2\/users\/2013"}],"replies":[{"embeddable":true,"href":"https:\/\/zjarr.tv\/en\/wp-json\/wp\/v2\/comments?post=80684"}],"version-history":[{"count":0,"href":"https:\/\/zjarr.tv\/en\/wp-json\/wp\/v2\/posts\/80684\/revisions"}],"wp:featuredmedia":[{"embeddable":true,"href":"https:\/\/zjarr.tv\/en\/wp-json\/wp\/v2\/media\/80685"}],"wp:attachment":[{"href":"https:\/\/zjarr.tv\/en\/wp-json\/wp\/v2\/media?parent=80684"}],"wp:term":[{"taxonomy":"category","embeddable":true,"href":"https:\/\/zjarr.tv\/en\/wp-json\/wp\/v2\/categories?post=80684"},{"taxonomy":"post_tag","embeddable":true,"href":"https:\/\/zjarr.tv\/en\/wp-json\/wp\/v2\/tags?post=80684"}],"curies":[{"name":"wp","href":"https:\/\/api.w.org\/{rel}","templated":true}]}}