{"id":80690,"date":"2019-04-23T16:14:26","date_gmt":"2019-04-23T14:14:26","guid":{"rendered":"https:\/\/zjarr.tv\/?p=80690"},"modified":"2019-04-23T16:14:26","modified_gmt":"2019-04-23T14:14:26","slug":"arena-kombetare-drejt-fundit-vendoset-ndricimi-ne-stadiumin-modern","status":"publish","type":"post","link":"https:\/\/zjarr.tv\/en\/arena-kombetare-drejt-fundit-vendoset-ndricimi-ne-stadiumin-modern\/","title":{"rendered":"\u201cArena Komb\u00ebtare\u201d drejt fundit, vendoset ndri\u00e7imi n\u00eb stadiumin modern"},"content":{"rendered":"<p>Punimet n\u00eb stadiumin \u201cArena Komb\u00ebtare\u201d po vijojn\u00eb me ritme t\u00eb larta dhe s\u00eb fundmi \u00ebsht\u00eb vendosur edhe impianti i ndri\u00e7imit. Ky stadium pritet q\u00eb t\u00eb jet\u00eb gati n\u00eb muajin qershor, por mbetet p\u00ebr t\u2019u par\u00eb n\u00ebse di\u00e7ka e till\u00eb do t\u00eb konkretizohet. Ndeshjen e par\u00eb n\u00eb eleminatoret e Euro 2020 ndaj Turqis\u00eb, kuqezinjt\u00eb e kan\u00eb luajtur n\u00eb \u201cLoro Bori\u00e7i\u201d, takim q\u00eb ka p\u00ebrfunduar 0-2 p\u00ebr miqt\u00eb.<\/p>","protected":false},"excerpt":{"rendered":"<p>Punimet n\u00eb stadiumin \u201cArena Komb\u00ebtare\u201d po vijojn\u00eb me ritme t\u00eb larta dhe s\u00eb fundmi \u00ebsht\u00eb vendosur edhe impianti i ndri\u00e7imit. Ky stadium pritet q\u00eb t\u00eb jet\u00eb gati n\u00eb muajin qershor, por mbetet p\u00ebr t\u2019u par\u00eb n\u00ebse di\u00e7ka e till\u00eb do t\u00eb konkretizohet. Ndeshjen e par\u00eb n\u00eb eleminatoret e Euro 2020 ndaj Turqis\u00eb, kuqezinjt\u00eb e kan\u00eb [&hellip;]<\/p>\n","protected":false},"author":2013,"featured_media":80691,"comment_status":"open","ping_status":"closed","sticky":false,"template":"","format":"standard","meta":{"footnotes":""},"categories":[241,192],"tags":[],"class_list":{"0":"post-80690","1":"post","2":"type-post","3":"status-publish","4":"format-standard","5":"has-post-thumbnail","7":"category-aktualitet","8":"category-sport"},"_links":{"self":[{"href":"https:\/\/zjarr.tv\/en\/wp-json\/wp\/v2\/posts\/80690","targetHints":{"allow":["GET"]}}],"collection":[{"href":"https:\/\/zjarr.tv\/en\/wp-json\/wp\/v2\/posts"}],"about":[{"href":"https:\/\/zjarr.tv\/en\/wp-json\/wp\/v2\/types\/post"}],"author":[{"embeddable":true,"href":"https:\/\/zjarr.tv\/en\/wp-json\/wp\/v2\/users\/2013"}],"replies":[{"embeddable":true,"href":"https:\/\/zjarr.tv\/en\/wp-json\/wp\/v2\/comments?post=80690"}],"version-history":[{"count":0,"href":"https:\/\/zjarr.tv\/en\/wp-json\/wp\/v2\/posts\/80690\/revisions"}],"wp:featuredmedia":[{"embeddable":true,"href":"https:\/\/zjarr.tv\/en\/wp-json\/wp\/v2\/media\/80691"}],"wp:attachment":[{"href":"https:\/\/zjarr.tv\/en\/wp-json\/wp\/v2\/media?parent=80690"}],"wp:term":[{"taxonomy":"category","embeddable":true,"href":"https:\/\/zjarr.tv\/en\/wp-json\/wp\/v2\/categories?post=80690"},{"taxonomy":"post_tag","embeddable":true,"href":"https:\/\/zjarr.tv\/en\/wp-json\/wp\/v2\/tags?post=80690"}],"curies":[{"name":"wp","href":"https:\/\/api.w.org\/{rel}","templated":true}]}}