{"id":80998,"date":"2019-04-25T12:44:54","date_gmt":"2019-04-25T10:44:54","guid":{"rendered":"https:\/\/zjarr.tv\/?p=80998"},"modified":"2019-04-25T12:44:54","modified_gmt":"2019-04-25T10:44:54","slug":"nusja-e-bujar-asqeriut-isha-xheloze-per-eva-alikajn-ja-cfare-ndodhi","status":"publish","type":"post","link":"https:\/\/zjarr.tv\/en\/nusja-e-bujar-asqeriut-isha-xheloze-per-eva-alikajn-ja-cfare-ndodhi\/","title":{"rendered":"Nusja e Bujar Asqeriut: Isha xheloze p\u00ebr Eva Alikajn, ja \u00e7far\u00eb ndodhi"},"content":{"rendered":"<p>Bujar Asqeriu ka qen\u00eb i ftuar s\u00eb bashku me bashk\u00ebshorten e tij. Irena ka rr\u00ebfyer p\u00ebr publikun nj\u00eb detaj mjaft interesant. Vite m\u00eb par\u00eb, ajo \u00ebsht\u00eb nder\u00eb xheloze p\u00ebr aktoren Eva Alikaj. \u201cKur mbaruan xhirimet, Bujari kishte b\u00ebr\u00eb nj\u00eb foto tek nj\u00eb stol me Ev\u00ebn dhe nj\u00eb shoqen e saj.<\/p>\n<p>Foton e solli n\u00eb sht\u00ebpi. Un\u00eb u b\u00ebra xheloze, se kishin dal\u00eb edhe bukur n\u00eb fakt, ama xhelozin\u00eb e shprehja n\u00eb m\u00ebnyr\u00eb t\u00eb sofistikuar. E vura foton e tyre tek televizori dhe ngjitur me t\u00eb vura edhe foton e dy djemve tan\u00eb, si p\u00ebr ti kujtuar Bujarit q\u00eb kishte dy f\u00ebmij\u00eb. Ai e vuri re sa erdhi. Ma lexonte mendjen. M\u00eb tha: Irena shum\u00eb bukur mizanskenat,\u201d- tha Irena.<\/p>","protected":false},"excerpt":{"rendered":"<p>Bujar Asqeriu ka qen\u00eb i ftuar s\u00eb bashku me bashk\u00ebshorten e tij. Irena ka rr\u00ebfyer p\u00ebr publikun nj\u00eb detaj mjaft interesant. Vite m\u00eb par\u00eb, ajo \u00ebsht\u00eb nder\u00eb xheloze p\u00ebr aktoren Eva Alikaj. \u201cKur mbaruan xhirimet, Bujari kishte b\u00ebr\u00eb nj\u00eb foto tek nj\u00eb stol me Ev\u00ebn dhe nj\u00eb shoqen e saj. Foton e solli n\u00eb sht\u00ebpi. [&hellip;]<\/p>\n","protected":false},"author":4,"featured_media":80999,"comment_status":"open","ping_status":"closed","sticky":false,"template":"","format":"standard","meta":{"footnotes":""},"categories":[241,231,235],"tags":[],"class_list":{"0":"post-80998","1":"post","2":"type-post","3":"status-publish","4":"format-standard","5":"has-post-thumbnail","7":"category-aktualitet","8":"category-lajme","9":"category-vendi"},"_links":{"self":[{"href":"https:\/\/zjarr.tv\/en\/wp-json\/wp\/v2\/posts\/80998","targetHints":{"allow":["GET"]}}],"collection":[{"href":"https:\/\/zjarr.tv\/en\/wp-json\/wp\/v2\/posts"}],"about":[{"href":"https:\/\/zjarr.tv\/en\/wp-json\/wp\/v2\/types\/post"}],"author":[{"embeddable":true,"href":"https:\/\/zjarr.tv\/en\/wp-json\/wp\/v2\/users\/4"}],"replies":[{"embeddable":true,"href":"https:\/\/zjarr.tv\/en\/wp-json\/wp\/v2\/comments?post=80998"}],"version-history":[{"count":0,"href":"https:\/\/zjarr.tv\/en\/wp-json\/wp\/v2\/posts\/80998\/revisions"}],"wp:featuredmedia":[{"embeddable":true,"href":"https:\/\/zjarr.tv\/en\/wp-json\/wp\/v2\/media\/80999"}],"wp:attachment":[{"href":"https:\/\/zjarr.tv\/en\/wp-json\/wp\/v2\/media?parent=80998"}],"wp:term":[{"taxonomy":"category","embeddable":true,"href":"https:\/\/zjarr.tv\/en\/wp-json\/wp\/v2\/categories?post=80998"},{"taxonomy":"post_tag","embeddable":true,"href":"https:\/\/zjarr.tv\/en\/wp-json\/wp\/v2\/tags?post=80998"}],"curies":[{"name":"wp","href":"https:\/\/api.w.org\/{rel}","templated":true}]}}