{"id":81001,"date":"2019-04-25T12:49:12","date_gmt":"2019-04-25T10:49:12","guid":{"rendered":"https:\/\/zjarr.tv\/?p=81001"},"modified":"2019-04-25T12:49:12","modified_gmt":"2019-04-25T10:49:12","slug":"u-zgjodh-anetar-i-klp-prokurori-staka-nderpret-garen-per-spak","status":"publish","type":"post","link":"https:\/\/zjarr.tv\/en\/u-zgjodh-anetar-i-klp-prokurori-staka-nderpret-garen-per-spak\/","title":{"rendered":"U zgjodh an\u00ebtar i KLP, Prokurori Staka nd\u00ebrpret gar\u00ebn p\u00ebr SPAK"},"content":{"rendered":"<p>Prokurori Vat\u00eb Staka \u00ebsht\u00eb t\u00ebrhequr nga gara p\u00ebr SPAK p\u00ebr shkak t\u00eb em\u00ebrimit si an\u00ebtar i K\u00ebshillit t\u00eb Lart\u00eb t\u00eb Prokuroris\u00eb. K\u00ebshtu ka njoftuar Komisioni i Posa\u00e7\u00ebm p\u00ebr vler\u00ebsimin e kandidateve p\u00ebr SPAK n\u00eb mbledhjen e sotme t\u00eb KLP.<\/p>\n<p>Gjithashtu n\u00eb mbledhjen e sotme jan\u00eb miratuar me shumic\u00eb votash projekt-aktet t\u00eb vler\u00ebsimit n\u00eb kuad\u00ebr t\u00eb rivler\u00ebsimit kalimtar p\u00ebr prokuror\u00ebt, subjekt rivler\u00ebsimi Edvin Kondili dhe Arben Qosja.<\/p>\n<p>Jan\u00eb b\u00ebr\u00eb verifikime t\u00eb holl\u00ebsishme p\u00ebr t\u00eb kaluar k\u00ebto subjekte n\u00eb vetting. Nj\u00eb kopje e k\u00ebtij raporti i d\u00ebrgohet menj\u00ebher\u00eb KPK dhe ONM.<\/p>\n<p>Po k\u00ebshtu \u00ebsht\u00eb miratuar me shumic\u00eb votash projekt buxheti afatmes\u00ebm i KLP p\u00ebr periudh\u00ebn 2020-2022 hartuar nga Komisioni i Planifikimit Strategjik i Administrimit dhe Buxhetin i KLP.<\/p>\n<p>Nd\u00ebr t\u00eb tjera KLP ka miratuar me shumic\u00eb votash projekt-vendimin p\u00ebr mbarimin e statusit t\u00eb prokurorit Apostol Prifti p\u00ebr efekt t\u00eb mbushjes s\u00eb mosh\u00ebs p\u00ebr pension pleq\u00ebrie.<\/p>\n<p>Komisioni i Posa\u00e7\u00ebm p\u00ebr vler\u00ebsimin e kandidat\u00ebve p\u00ebr SPAK informoi K\u00ebshillin p\u00ebr rastin e prokurorit Maksim Sota, kandidat p\u00ebr SPAK, i cili p\u00ebr arsye familjare nuk ka pasur mund\u00ebsi t\u00eb dor\u00ebzoj\u00eb pran\u00eb Komisionit t\u00eb Posa\u00e7\u00ebm, aktet e dosjes personale p\u00ebr vler\u00ebsimin e aktivitetit t\u00eb tij profesional. K\u00ebshilli vendosi t\u00eb kontaktoj\u00eb me z. Sota p\u00ebr t\u2019u informuar n\u00ebse n\u00eb k\u00ebto kushte, ai do t\u00eb vazhdoj\u00eb gar\u00ebn.<\/p>","protected":false},"excerpt":{"rendered":"<p>Prokurori Vat\u00eb Staka \u00ebsht\u00eb t\u00ebrhequr nga gara p\u00ebr SPAK p\u00ebr shkak t\u00eb em\u00ebrimit si an\u00ebtar i K\u00ebshillit t\u00eb Lart\u00eb t\u00eb Prokuroris\u00eb. K\u00ebshtu ka njoftuar Komisioni i Posa\u00e7\u00ebm p\u00ebr vler\u00ebsimin e kandidateve p\u00ebr SPAK n\u00eb mbledhjen e sotme t\u00eb KLP. Gjithashtu n\u00eb mbledhjen e sotme jan\u00eb miratuar me shumic\u00eb votash projekt-aktet t\u00eb vler\u00ebsimit n\u00eb kuad\u00ebr t\u00eb [&hellip;]<\/p>\n","protected":false},"author":4,"featured_media":77410,"comment_status":"open","ping_status":"closed","sticky":false,"template":"","format":"standard","meta":{"footnotes":""},"categories":[241,231,235],"tags":[],"class_list":{"0":"post-81001","1":"post","2":"type-post","3":"status-publish","4":"format-standard","5":"has-post-thumbnail","7":"category-aktualitet","8":"category-lajme","9":"category-vendi"},"_links":{"self":[{"href":"https:\/\/zjarr.tv\/en\/wp-json\/wp\/v2\/posts\/81001","targetHints":{"allow":["GET"]}}],"collection":[{"href":"https:\/\/zjarr.tv\/en\/wp-json\/wp\/v2\/posts"}],"about":[{"href":"https:\/\/zjarr.tv\/en\/wp-json\/wp\/v2\/types\/post"}],"author":[{"embeddable":true,"href":"https:\/\/zjarr.tv\/en\/wp-json\/wp\/v2\/users\/4"}],"replies":[{"embeddable":true,"href":"https:\/\/zjarr.tv\/en\/wp-json\/wp\/v2\/comments?post=81001"}],"version-history":[{"count":0,"href":"https:\/\/zjarr.tv\/en\/wp-json\/wp\/v2\/posts\/81001\/revisions"}],"wp:featuredmedia":[{"embeddable":true,"href":"https:\/\/zjarr.tv\/en\/wp-json\/wp\/v2\/media\/77410"}],"wp:attachment":[{"href":"https:\/\/zjarr.tv\/en\/wp-json\/wp\/v2\/media?parent=81001"}],"wp:term":[{"taxonomy":"category","embeddable":true,"href":"https:\/\/zjarr.tv\/en\/wp-json\/wp\/v2\/categories?post=81001"},{"taxonomy":"post_tag","embeddable":true,"href":"https:\/\/zjarr.tv\/en\/wp-json\/wp\/v2\/tags?post=81001"}],"curies":[{"name":"wp","href":"https:\/\/api.w.org\/{rel}","templated":true}]}}