{"id":81003,"date":"2019-04-25T13:00:36","date_gmt":"2019-04-25T11:00:36","guid":{"rendered":"https:\/\/zjarr.tv\/?p=81003"},"modified":"2019-04-25T13:00:36","modified_gmt":"2019-04-25T11:00:36","slug":"aleatet-e-bashes-me-grupim-te-ri-ndryshim-sistemit-zgjedhor","status":"publish","type":"post","link":"https:\/\/zjarr.tv\/en\/aleatet-e-bashes-me-grupim-te-ri-ndryshim-sistemit-zgjedhor\/","title":{"rendered":"Aleat\u00ebt e Bash\u00ebs me grupim t\u00eb ri: Ndryshim sistemit zgjedhor"},"content":{"rendered":"<p>Partit\u00eb aleate historike t\u00eb Partis\u00eb Demokratike t\u00eb cilat i kan\u00eb q\u00ebndruar konsistent\u00a0 marr\u00ebveshjeve me PD n\u00eb opozit\u00eb, PR, PDK, PAA, LZHK, PBDNJ, organizohen n\u00eb nj\u00eb forum t\u00eb p\u00ebrbashk\u00ebt p\u00ebr zgjedhje t\u00eb lira.<\/p>\n<p>Krer\u00ebt e t\u00eb 5 partive, n\u00eb koalicion me Partin\u00eb Demokratike , Fatmir Mediu i PR, Agron Duka i PAA, Nard ndoka i PDK, Dashamir Shehi i LZHK dhe Vangjel Dule i PBDNJ, p\u00ebrmes krijimit t\u00eb Grupimit t\u00eb Qendr\u00ebs s\u00eb Djatht\u00eb (GQD), synojn\u00eb arritjen\u00a0 dhe imponimin e standarteve demokratike n\u00eb zgjedhje.<\/p>\n<p>PR, PAA, PDK, LZHK, PBDNJ jan\u00eb dakort\u00ebsuar p\u00ebr t\u00eb zhvilluar veprimtarin\u00eb e tyre si nj\u00eb forum i p\u00ebrbashk\u00ebt dhe n\u00eb p\u00ebrputhje t\u00eb plot\u00eb me platform\u00ebn politike t\u00eb pranuar dhe n\u00ebnshkruar si marr\u00ebveshje e tyre me\u00a0 PD.<\/p>\n<p>Ky akt u formalizua n\u00eb Tiran\u00eb gjat\u00eb nj\u00eb takimi me strukturat e 5 partive dhe ka si synim unifikimin e q\u00ebndrimeve t\u00eb PR, PAA, PDK, LZHK e PBDNJ,\u00a0 n\u00eb k\u00ebrkesat q\u00eb garantojn\u00eb zgjedhje t\u00eb lira e t\u00eb ndershme n\u00eb Shqip\u00ebri.<\/p>\n<p>T\u00eb 5 partit\u00eb e Grupimit t\u00eb Qendr\u00ebs s\u00eb Djatht\u00eb, n\u00eb k\u00ebt\u00eb takim unifikuan q\u00ebndrimin e tyre p\u00ebr sa i p\u00ebrket sistemit zgjedhor dhe k\u00ebrkojn\u00eb ndryshimin e sistemit zgjedhor, duke propozuar modelin e listave t\u00eb hapura. P\u00ebrmes k\u00ebtij ndryshimi, kryetar\u00ebt e k\u00ebtyre forcave politike\u00a0 bien dakort se: garantohet q\u00eb vota e qytetar\u00ebve shkon tek kandidat\u00ebt q\u00eb ata duan dhe jo tek kandidat\u00ebt q\u00eb paracaktojn\u00eb lider\u00ebt e partive politike.<\/p>\n<p>Partit\u00eb tona, n\u00eb t\u00eb nj\u00ebjt\u00ebn linj\u00eb edhe me aksionin opozitar jan\u00eb bashk\u00eb jo vet\u00ebm n\u00eb betej\u00ebn kund\u00ebr krimit dhe korrupsionit zgjedhor, por edhe keqqeverisjes s\u00eb Rilindjes.<\/p>\n<p>N\u00eb t\u00eb nj\u00ebjt\u00ebn linj\u00eb me k\u00ebrkes\u00ebn e opozit\u00ebs s\u00eb bashkuar, ky forum i unifikuar politik p\u00ebr \u201cZgjedhje T\u00eb Lira\u201d \u00ebsht\u00eb n\u00eb betej\u00ebn e hapur politike kund\u00ebr Rilindjes dhe i vendosur n\u00eb k\u00ebrkes\u00ebn p\u00ebr zgjedhje me standarte demokratike pa Edi Ram\u00ebn\u00a0 kryeminist\u00ebr.<\/p>\n<p>Takimi i par\u00eb i Tiran\u00ebs do t\u00eb vijoj\u00eb me t\u00eb nj\u00ebjtin format n\u00eb t\u00eb gjitha qarqet e vendit, ku n\u00eb baz\u00eb t\u00eb strategjis\u00eb s\u00eb p\u00ebrbashk\u00ebt politike dhe komunikative me opinionin publik do t\u00eb trajtohen t\u00eb gjitha temat q\u00eb jan\u00eb prioritet I aksionit opozitar.<\/p>","protected":false},"excerpt":{"rendered":"<p>Partit\u00eb aleate historike t\u00eb Partis\u00eb Demokratike t\u00eb cilat i kan\u00eb q\u00ebndruar konsistent\u00a0 marr\u00ebveshjeve me PD n\u00eb opozit\u00eb, PR, PDK, PAA, LZHK, PBDNJ, organizohen n\u00eb nj\u00eb forum t\u00eb p\u00ebrbashk\u00ebt p\u00ebr zgjedhje t\u00eb lira. Krer\u00ebt e t\u00eb 5 partive, n\u00eb koalicion me Partin\u00eb Demokratike , Fatmir Mediu i PR, Agron Duka i PAA, Nard ndoka i PDK, [&hellip;]<\/p>\n","protected":false},"author":4,"featured_media":80360,"comment_status":"open","ping_status":"closed","sticky":false,"template":"","format":"standard","meta":{"footnotes":""},"categories":[241,231,235],"tags":[],"class_list":{"0":"post-81003","1":"post","2":"type-post","3":"status-publish","4":"format-standard","5":"has-post-thumbnail","7":"category-aktualitet","8":"category-lajme","9":"category-vendi"},"_links":{"self":[{"href":"https:\/\/zjarr.tv\/en\/wp-json\/wp\/v2\/posts\/81003","targetHints":{"allow":["GET"]}}],"collection":[{"href":"https:\/\/zjarr.tv\/en\/wp-json\/wp\/v2\/posts"}],"about":[{"href":"https:\/\/zjarr.tv\/en\/wp-json\/wp\/v2\/types\/post"}],"author":[{"embeddable":true,"href":"https:\/\/zjarr.tv\/en\/wp-json\/wp\/v2\/users\/4"}],"replies":[{"embeddable":true,"href":"https:\/\/zjarr.tv\/en\/wp-json\/wp\/v2\/comments?post=81003"}],"version-history":[{"count":0,"href":"https:\/\/zjarr.tv\/en\/wp-json\/wp\/v2\/posts\/81003\/revisions"}],"wp:featuredmedia":[{"embeddable":true,"href":"https:\/\/zjarr.tv\/en\/wp-json\/wp\/v2\/media\/80360"}],"wp:attachment":[{"href":"https:\/\/zjarr.tv\/en\/wp-json\/wp\/v2\/media?parent=81003"}],"wp:term":[{"taxonomy":"category","embeddable":true,"href":"https:\/\/zjarr.tv\/en\/wp-json\/wp\/v2\/categories?post=81003"},{"taxonomy":"post_tag","embeddable":true,"href":"https:\/\/zjarr.tv\/en\/wp-json\/wp\/v2\/tags?post=81003"}],"curies":[{"name":"wp","href":"https:\/\/api.w.org\/{rel}","templated":true}]}}