{"id":81007,"date":"2019-04-25T13:34:27","date_gmt":"2019-04-25T11:34:27","guid":{"rendered":"https:\/\/zjarr.tv\/?p=81007"},"modified":"2019-04-25T13:34:27","modified_gmt":"2019-04-25T11:34:27","slug":"balla-paralajmeron-bashen-mos-blloko-rruget-do-perballesh-me-ligjin","status":"publish","type":"post","link":"https:\/\/zjarr.tv\/en\/balla-paralajmeron-bashen-mos-blloko-rruget-do-perballesh-me-ligjin\/","title":{"rendered":"Balla paralajm\u00ebron Bash\u00ebn: Mos blloko rrug\u00ebt, do p\u00ebrballesh me ligjin"},"content":{"rendered":"<p>Kryetari i grupit parlamentar t\u00eb PS, Taulant Balla ka paralajm\u00ebruar kreun e PD, Lulzim Basha q\u00eb mos bllokoj\u00eb rrug\u00ebt dhe mos vandalizoj\u00eb institucione dhe biznese sepse do t\u00eb p\u00ebrballet me ligjin.<\/p>\n<p><strong>Balla<\/strong>:\u00a0<em>Basha dhe Kryemadhi kan\u00eb vendosur t\u00eb bllokojn\u00eb sot t\u00eb gjitha akset m\u00eb t\u00eb r\u00ebnd\u00ebsishme komb\u00ebtare, pro nj\u00eb gj\u00eb \u00ebsht\u00eb e sigurt, nuk mund t\u00eb bllokojn\u00eb dot reform\u00ebn n\u00eb drejt\u00ebsi. Nuk mund t\u00eb bllokojn\u00eb sot miratimin e k\u00ebtij ligji sikurse nuk kan\u00eb mundur prej 2016 t\u00eb bllokojn\u00eb paket\u00ebn, ndryshimet kushtetuese dhe ligjin p\u00ebr vetingun.<\/em><\/p>\n<p><em>N\u00eb vazhd\u00ebn e k\u00ebtyre protestave t\u00eb dhunshme q\u00eb d\u00ebmtojn\u00eb ekonomin\u00eb, turizmin, konsumin. Ishim para pak minutash n\u00eb Rinas teksa u hodh themeli i nj\u00eb prej hoteleve m\u00eb t\u00eb r\u00ebnd\u00ebsishme me 5 yje n\u00eb Shqip\u00ebri. Nj\u00eb kompani gjermane, ka vendosur t\u00eb investoj\u00eb p\u00ebrs\u00ebri n\u00eb Shqip\u00ebri.<\/em><\/p>\n<p><em>P\u00ebrfaq\u00ebsuesi i k\u00ebsaj kompanie gjermane teksa mori fjal\u00ebn tha erdha nga Mynihu me nj\u00eb avion t\u00eb mbushur me turist\u00eb gjerman\u00eb. E turist\u00ebve gjerman\u00eb sot teksa shkojn\u00eb p\u00ebr n\u00eb Vlor\u00eb do ti dal\u00eb p\u00ebrpara Luli dhe Monika p\u00ebr tu z\u00ebn\u00eb rrug\u00ebn p\u00ebr t\u00eb mos shijuar bukurit\u00eb e turizmit shqiptar.<\/em><\/p>\n<p><em>E teksa nj\u00eb gjerman do t\u00eb pyes\u00eb gjermanin tjet\u00ebr se \u00e7far\u00eb hall kan\u00eb k\u00ebta, po ju themi nga k\u00ebtu:<\/em><\/p>\n<p><em>Halli i tyre \u00ebsht\u00eb reforma n\u00eb drejt\u00ebsi. Prandaj bllokojn\u00eb rrug\u00ebt. T\u00eb bllokosh rrug\u00ebt sot do t\u00eb thot\u00eb \u00ebsht\u00eb t\u00eb mundohesh t\u00eb pengosh sado pak. Por nuk kan\u00eb p\u00ebr t&#8217;ia arritur.<\/em><\/p>\n<p><em>Ky \u00ebsht\u00eb halli i biznesit t\u00eb kunatit, nuk \u00ebsht\u00eb halli i \u00a0biznesit t\u00eb nj\u00eb qytetari t\u00eb ndersh\u00ebm q\u00eb punon p\u00ebr t\u00eb mbajtur familjen.<\/em><\/p>\n<p><em>P\u00ebrball\u00eb k\u00ebsaj vale dhune dhe p\u00ebrpjekje p\u00ebr t\u00eb penguar shqiptar\u00ebt t\u00eb l\u00ebvizin n\u00ebp\u00ebr rrug\u00ebt e Shqip\u00ebris\u00eb, p\u00ebrgjigjja \u00ebsht\u00eb vet\u00ebm nj\u00eb. D\u00ebgjoje Lulzim:<\/em><\/p>\n<p><em>Ke gjith\u00eb t\u00eb drejt\u00ebn t\u00eb protestosh kur t\u00eb duash, sa her\u00eb t\u00eb duash, por harroje t\u00eb nxis\u00ebsh dhun\u00eb, t\u00eb kryesh akte vandalizmi, t\u00eb godas\u00ebsh policin\u00eb, institucionet, t\u00eb terrorizosh njer\u00ebzit se ke p\u00ebr tu p\u00ebrballur me ligjin, qoft\u00eb ti, qoft\u00eb kushdo tjet\u00ebr q\u00eb tenton t\u00eb bllokoj\u00eb rrug\u00eb, t\u00eb dhunoj\u00eb institucione, t\u00eb vandalizoj\u00eb biznese private.<\/em><\/p>","protected":false},"excerpt":{"rendered":"<p>Kryetari i grupit parlamentar t\u00eb PS, Taulant Balla ka paralajm\u00ebruar kreun e PD, Lulzim Basha q\u00eb mos bllokoj\u00eb rrug\u00ebt dhe mos vandalizoj\u00eb institucione dhe biznese sepse do t\u00eb p\u00ebrballet me ligjin. Balla:\u00a0Basha dhe Kryemadhi kan\u00eb vendosur t\u00eb bllokojn\u00eb sot t\u00eb gjitha akset m\u00eb t\u00eb r\u00ebnd\u00ebsishme komb\u00ebtare, pro nj\u00eb gj\u00eb \u00ebsht\u00eb e sigurt, nuk mund t\u00eb [&hellip;]<\/p>\n","protected":false},"author":4,"featured_media":69356,"comment_status":"open","ping_status":"closed","sticky":false,"template":"","format":"standard","meta":{"footnotes":""},"categories":[241,231,235],"tags":[],"class_list":{"0":"post-81007","1":"post","2":"type-post","3":"status-publish","4":"format-standard","5":"has-post-thumbnail","7":"category-aktualitet","8":"category-lajme","9":"category-vendi"},"_links":{"self":[{"href":"https:\/\/zjarr.tv\/en\/wp-json\/wp\/v2\/posts\/81007","targetHints":{"allow":["GET"]}}],"collection":[{"href":"https:\/\/zjarr.tv\/en\/wp-json\/wp\/v2\/posts"}],"about":[{"href":"https:\/\/zjarr.tv\/en\/wp-json\/wp\/v2\/types\/post"}],"author":[{"embeddable":true,"href":"https:\/\/zjarr.tv\/en\/wp-json\/wp\/v2\/users\/4"}],"replies":[{"embeddable":true,"href":"https:\/\/zjarr.tv\/en\/wp-json\/wp\/v2\/comments?post=81007"}],"version-history":[{"count":0,"href":"https:\/\/zjarr.tv\/en\/wp-json\/wp\/v2\/posts\/81007\/revisions"}],"wp:featuredmedia":[{"embeddable":true,"href":"https:\/\/zjarr.tv\/en\/wp-json\/wp\/v2\/media\/69356"}],"wp:attachment":[{"href":"https:\/\/zjarr.tv\/en\/wp-json\/wp\/v2\/media?parent=81007"}],"wp:term":[{"taxonomy":"category","embeddable":true,"href":"https:\/\/zjarr.tv\/en\/wp-json\/wp\/v2\/categories?post=81007"},{"taxonomy":"post_tag","embeddable":true,"href":"https:\/\/zjarr.tv\/en\/wp-json\/wp\/v2\/tags?post=81007"}],"curies":[{"name":"wp","href":"https:\/\/api.w.org\/{rel}","templated":true}]}}