{"id":81011,"date":"2019-04-26T11:22:13","date_gmt":"2019-04-26T09:22:13","guid":{"rendered":"https:\/\/zjarr.tv\/?p=81011"},"modified":"2019-04-26T11:22:13","modified_gmt":"2019-04-26T09:22:13","slug":"vrasja-e-dy-vellezerve-ne-shkoder-kush-jane-dy-te-arrestuarit","status":"publish","type":"post","link":"https:\/\/zjarr.tv\/en\/vrasja-e-dy-vellezerve-ne-shkoder-kush-jane-dy-te-arrestuarit\/","title":{"rendered":"Vrasja e dy v\u00ebllez\u00ebrve n\u00eb Shkod\u00ebr, kush jan\u00eb dy t\u00eb arrestuarit"},"content":{"rendered":"<p>Dalin detaje t\u00eb reja lidhur me t\u00eb dyshuarit e arrestuar, p\u00ebr vrasjen e v\u00ebllez\u00ebrve Bilali n\u00eb Shkod\u00ebr.<\/p>\n<p>Ata jan\u00eb Arsen Stojku, 29 vje\u00e7 dhe Mislim Rama, 23 vje\u00e7, lindur dhe banues n\u00eb fshatin Mjed\u00eb, bashkia Vau i Dej\u00ebs, t\u00eb dyshuar p\u00ebr vepr\u00ebn penale \u201cVrasja me paramendim kryer n\u00eb bashk\u00ebpunim\u201d dhe \u201cProdhimi dhe mbajtja pa leje e arm\u00ebve luftarake dhe municionit\u201d.<\/p>\n<p>Gjithashtu\u00a0\u00ebsht\u00eb b\u00ebr\u00eb shpallja n\u00eb k\u00ebrkim e Ibrahim Licit, 26 vje\u00e7, si i dyshuari kryesor p\u00ebr vepr\u00ebn penale t\u00eb vrasjes.<\/p>\n<p>N\u00eb k\u00ebrkim \u00ebsht\u00eb shpallur edhe D. B., 29 vje\u00e7, p\u00ebr vepr\u00ebn penale t\u00eb \u201cP\u00ebrkrahja t\u00eb autorit t\u00eb krimit\u201d. Aktualisht vijon operacioni p\u00ebr gjetjen dhe kapjen e tyre.<\/p>\n<p>Pas hetimeve intensive t\u00eb kryera n\u00eb drejtimin e Prokuroris\u00eb s\u00eb Shkodr\u00ebs, rezulton se t\u00eb dyshuarit kan\u00eb planifikuar, organizuar dhe kryer n\u00eb bashk\u00ebpunim vrasjen e v\u00ebllez\u00ebrve Astrit Bilali 59 vje\u00e7 dhe Ibrahim Bilali 61 vje\u00e7.<\/p>\n<p>Si rezultat i pun\u00ebs s\u00eb vazhdueshme intensive me metodat speciale t\u00eb hetimit, nga grupi i posa\u00e7\u00ebm hetimor, u b\u00eb sigurimi i provave materiale dhe shkencore, t\u00eb cilat \u00e7uan n\u00eb dokumentimin ligjor t\u00eb k\u00ebsaj ngjarjeje.<\/p>\n<p>Gjat\u00eb veprimeve hetimore u b\u00eb sekuestrimi i nj\u00eb automjeti, tre aparateve telefonike celulare, t\u00eb cil\u00ebt jan\u00eb p\u00ebrdorur nga autor\u00ebt gjat\u00eb kryerjes s\u00eb veprimeve t\u00eb tyre.<\/p>\n<p>Aktualisht vazhdon puna p\u00ebr hedhjen drit\u00eb mbi motivin e k\u00ebsaj ngjarjeje dhe identifikimin e personave t\u00eb tjer\u00eb t\u00eb p\u00ebrfshir\u00eb, nd\u00ebrkoh\u00eb q\u00eb materialet iu referuan Prokuroris\u00eb, p\u00ebr vepr\u00ebn penale \u201cVrasja me paramendim kryer n\u00eb bashk\u00ebpunim&#8221; dhe \u201cProdhimi dhe mbajtja pa leje e arm\u00ebve luftarake dhe municionit\u201d.<\/p>\n<p>Viktima Astrit Bilali kishte nj\u00eb resort hipizmi dhe ishte mjaft i pasionuar pas kuajve, nd\u00ebrkoh\u00eb q\u00eb v\u00ebllai i tij, viktima tjet\u00ebr Ibrahim Bilali, kishte qen\u00eb kampion hipizmi.<\/p>\n<p>Astrit Bilali \u00ebsht\u00eb babai i ish-boksierit t\u00eb Vllaznis\u00eb, Astmer Bilali i cili \u00ebsht\u00eb arrestuar si pjes\u00eb e grupit kriminal \u201cBajri\u201d.<\/p>\n<p>Ish-boksieri dyshohet si i p\u00ebrfshir\u00eb n\u00eb vrasjen e Arjan Ferracakut, pik\u00ebrisht teksa kal\u00ebronte n\u00eb resortin e babait t\u00eb tij.<\/p>\n<p>Dyshohet se Ferracaku mund t\u00eb jet\u00eb vrar\u00eb aksidentalisht dhe se sh\u00ebnjestra e v\u00ebrtet\u00eb ka qen\u00eb Astmer Bilali.<\/p>","protected":false},"excerpt":{"rendered":"<p>Dalin detaje t\u00eb reja lidhur me t\u00eb dyshuarit e arrestuar, p\u00ebr vrasjen e v\u00ebllez\u00ebrve Bilali n\u00eb Shkod\u00ebr. Ata jan\u00eb Arsen Stojku, 29 vje\u00e7 dhe Mislim Rama, 23 vje\u00e7, lindur dhe banues n\u00eb fshatin Mjed\u00eb, bashkia Vau i Dej\u00ebs, t\u00eb dyshuar p\u00ebr vepr\u00ebn penale \u201cVrasja me paramendim kryer n\u00eb bashk\u00ebpunim\u201d dhe \u201cProdhimi dhe mbajtja pa leje [&hellip;]<\/p>\n","protected":false},"author":4,"featured_media":81012,"comment_status":"open","ping_status":"closed","sticky":false,"template":"","format":"standard","meta":{"footnotes":""},"categories":[241,231,235],"tags":[],"class_list":{"0":"post-81011","1":"post","2":"type-post","3":"status-publish","4":"format-standard","5":"has-post-thumbnail","7":"category-aktualitet","8":"category-lajme","9":"category-vendi"},"_links":{"self":[{"href":"https:\/\/zjarr.tv\/en\/wp-json\/wp\/v2\/posts\/81011","targetHints":{"allow":["GET"]}}],"collection":[{"href":"https:\/\/zjarr.tv\/en\/wp-json\/wp\/v2\/posts"}],"about":[{"href":"https:\/\/zjarr.tv\/en\/wp-json\/wp\/v2\/types\/post"}],"author":[{"embeddable":true,"href":"https:\/\/zjarr.tv\/en\/wp-json\/wp\/v2\/users\/4"}],"replies":[{"embeddable":true,"href":"https:\/\/zjarr.tv\/en\/wp-json\/wp\/v2\/comments?post=81011"}],"version-history":[{"count":0,"href":"https:\/\/zjarr.tv\/en\/wp-json\/wp\/v2\/posts\/81011\/revisions"}],"wp:featuredmedia":[{"embeddable":true,"href":"https:\/\/zjarr.tv\/en\/wp-json\/wp\/v2\/media\/81012"}],"wp:attachment":[{"href":"https:\/\/zjarr.tv\/en\/wp-json\/wp\/v2\/media?parent=81011"}],"wp:term":[{"taxonomy":"category","embeddable":true,"href":"https:\/\/zjarr.tv\/en\/wp-json\/wp\/v2\/categories?post=81011"},{"taxonomy":"post_tag","embeddable":true,"href":"https:\/\/zjarr.tv\/en\/wp-json\/wp\/v2\/tags?post=81011"}],"curies":[{"name":"wp","href":"https:\/\/api.w.org\/{rel}","templated":true}]}}