{"id":81019,"date":"2019-04-26T11:30:42","date_gmt":"2019-04-26T09:30:42","guid":{"rendered":"https:\/\/zjarr.tv\/?p=81019"},"modified":"2019-04-26T11:30:42","modified_gmt":"2019-04-26T09:30:42","slug":"e-presin-me-protesta-rama-keqardhje-do-e-kuptojne-se-fajin-ua-kane-udheheqesit","status":"publish","type":"post","link":"https:\/\/zjarr.tv\/en\/e-presin-me-protesta-rama-keqardhje-do-e-kuptojne-se-fajin-ua-kane-udheheqesit\/","title":{"rendered":"E presin me protesta, Rama: Keqardhje! Do e kuptojn\u00eb se fajin u\u2019a kan\u00eb udh\u00ebheq\u00ebsit"},"content":{"rendered":"<p>Kryeministri Edi Rama do t\u00eb jet\u00eb dit\u00ebn e sotme n\u00eb Shkod\u00ebr, mir\u00ebpo p\u00ebrfaq\u00ebsues Partis\u00eb Demokratike dhe mb\u00ebshtet\u00ebs protestues, bllokuan hyrjen n\u00eb Bah\u00e7all\u00ebk.<\/p>\n<p>Lidhur me situat\u00ebn e tensionuar t\u00eb krijuar, ka ardhur reagimi i Kryeministrit.<\/p>\n<p>Ai shkruan, \u201cRrug\u00ebs p\u00ebr Mal\u00ebsi t\u00eb Madhe. Sinqerisht i keqardhur p\u00ebr grupet e vogla t\u00eb njer\u00ebzve t\u00eb mbledhur kthesave nga ata q\u00eb pasi e \u00e7uan n\u00eb qorrsokak PD orvaten m\u00eb kot t\u00eb \u00e7ojn\u00eb n\u00eb qorrsokak edhe Shqip\u00ebrin\u00eb! Pak nga pak edhe k\u00ebta njer\u00ebz do e kuptojn\u00eb se fajin u\u2019a kan\u00eb udh\u00ebheq\u00ebsit e verb\u00ebr\u201d.<\/p>\n<p>Gjat\u00eb protest\u00ebs p\u00ebr t\u00eb penguar kalimin e Kryeministrit protestuesit kan\u00eb djegur goma makinash dhe kan\u00eb bllokuar rrug\u00ebn, \u00e7ka ka sjell\u00eb nd\u00ebrhyrjen e Forcave t\u00eb Nd\u00ebrhyrjes s\u00eb Shpejt\u00eb.<\/p>\n<p>Gjat\u00eb k\u00ebtyre momenteve ka pasur edhe p\u00ebrplasje fizike mes protestuesve dhe policis\u00eb.<\/p>\n<p>Protestuesit prihen nga ish-deputet\u00ebt demokrat\u00eb Flamur Noka dhe Bardh Spahia.<\/p>\n<p><strong>\u00a0<\/strong><\/p>","protected":false},"excerpt":{"rendered":"<p>Kryeministri Edi Rama do t\u00eb jet\u00eb dit\u00ebn e sotme n\u00eb Shkod\u00ebr, mir\u00ebpo p\u00ebrfaq\u00ebsues Partis\u00eb Demokratike dhe mb\u00ebshtet\u00ebs protestues, bllokuan hyrjen n\u00eb Bah\u00e7all\u00ebk. Lidhur me situat\u00ebn e tensionuar t\u00eb krijuar, ka ardhur reagimi i Kryeministrit. Ai shkruan, \u201cRrug\u00ebs p\u00ebr Mal\u00ebsi t\u00eb Madhe. Sinqerisht i keqardhur p\u00ebr grupet e vogla t\u00eb njer\u00ebzve t\u00eb mbledhur kthesave nga ata [&hellip;]<\/p>\n","protected":false},"author":4,"featured_media":80383,"comment_status":"open","ping_status":"closed","sticky":false,"template":"","format":"standard","meta":{"footnotes":""},"categories":[241,231,235],"tags":[],"class_list":{"0":"post-81019","1":"post","2":"type-post","3":"status-publish","4":"format-standard","5":"has-post-thumbnail","7":"category-aktualitet","8":"category-lajme","9":"category-vendi"},"_links":{"self":[{"href":"https:\/\/zjarr.tv\/en\/wp-json\/wp\/v2\/posts\/81019","targetHints":{"allow":["GET"]}}],"collection":[{"href":"https:\/\/zjarr.tv\/en\/wp-json\/wp\/v2\/posts"}],"about":[{"href":"https:\/\/zjarr.tv\/en\/wp-json\/wp\/v2\/types\/post"}],"author":[{"embeddable":true,"href":"https:\/\/zjarr.tv\/en\/wp-json\/wp\/v2\/users\/4"}],"replies":[{"embeddable":true,"href":"https:\/\/zjarr.tv\/en\/wp-json\/wp\/v2\/comments?post=81019"}],"version-history":[{"count":0,"href":"https:\/\/zjarr.tv\/en\/wp-json\/wp\/v2\/posts\/81019\/revisions"}],"wp:featuredmedia":[{"embeddable":true,"href":"https:\/\/zjarr.tv\/en\/wp-json\/wp\/v2\/media\/80383"}],"wp:attachment":[{"href":"https:\/\/zjarr.tv\/en\/wp-json\/wp\/v2\/media?parent=81019"}],"wp:term":[{"taxonomy":"category","embeddable":true,"href":"https:\/\/zjarr.tv\/en\/wp-json\/wp\/v2\/categories?post=81019"},{"taxonomy":"post_tag","embeddable":true,"href":"https:\/\/zjarr.tv\/en\/wp-json\/wp\/v2\/tags?post=81019"}],"curies":[{"name":"wp","href":"https:\/\/api.w.org\/{rel}","templated":true}]}}