{"id":81155,"date":"2019-04-27T15:18:23","date_gmt":"2019-04-27T13:18:23","guid":{"rendered":"https:\/\/zjarr.tv\/?p=81155"},"modified":"2019-04-27T15:18:23","modified_gmt":"2019-04-27T13:18:23","slug":"ruci-uron-pashket-tradite-e-cmuar-ne-festa-fetare-gezojme-bashke","status":"publish","type":"post","link":"https:\/\/zjarr.tv\/en\/ruci-uron-pashket-tradite-e-cmuar-ne-festa-fetare-gezojme-bashke\/","title":{"rendered":"Ru\u00e7i uron Pashk\u00ebt: Tradit\u00eb e \u00e7muar, n\u00eb festa fetare g\u00ebzojm\u00eb bashk\u00eb"},"content":{"rendered":"<p>N\u00eb vigjilje t\u00eb Pashk\u00ebve Ortodokse, kryeparlamentari Gramoz Ru\u00e7i ka uruar t\u00eb gjith\u00eb shqiptar\u00ebt. N\u00eb urimin e tij, Ruci sjell n\u00eb v\u00ebmendje harmonin\u00eb fetare n\u00eb vend, nd\u00ebrsa shkruan se \u201c \u00ebsht\u00eb tradit\u00eb e \u00e7muar q\u00eb n\u00eb festat fetare g\u00ebzojm\u00eb bashk\u00eb.<\/p>\n<p>\u201cT\u00eb duam tjetrin si\u00e7 duam vetveten. Dashuria \u00ebsht\u00eb vler\u00eb e gjith\u00eb qytet\u00ebrimeve e besimeve. Mesazhi i Pashk\u00ebve, \u00ebsht\u00eb q\u00eb pasuria e pakic\u00ebs t\u00eb mos varf\u00ebroj\u00eb shumic\u00ebn, drejt\u00ebsia t\u00eb mund padrejt\u00ebsin\u00eb dhe e mira t\u00eb keqen.\u201d-shkruan Ruci n\u00eb urimin e tij.<\/p>\n<p>&nbsp;<\/p>","protected":false},"excerpt":{"rendered":"<p>N\u00eb vigjilje t\u00eb Pashk\u00ebve Ortodokse, kryeparlamentari Gramoz Ru\u00e7i ka uruar t\u00eb gjith\u00eb shqiptar\u00ebt. N\u00eb urimin e tij, Ruci sjell n\u00eb v\u00ebmendje harmonin\u00eb fetare n\u00eb vend, nd\u00ebrsa shkruan se \u201c \u00ebsht\u00eb tradit\u00eb e \u00e7muar q\u00eb n\u00eb festat fetare g\u00ebzojm\u00eb bashk\u00eb. \u201cT\u00eb duam tjetrin si\u00e7 duam vetveten. Dashuria \u00ebsht\u00eb vler\u00eb e gjith\u00eb qytet\u00ebrimeve e besimeve. Mesazhi i [&hellip;]<\/p>\n","protected":false},"author":2013,"featured_media":0,"comment_status":"open","ping_status":"closed","sticky":false,"template":"","format":"standard","meta":{"footnotes":""},"categories":[241,235],"tags":[],"class_list":{"0":"post-81155","1":"post","2":"type-post","3":"status-publish","4":"format-standard","6":"category-aktualitet","7":"category-vendi"},"_links":{"self":[{"href":"https:\/\/zjarr.tv\/en\/wp-json\/wp\/v2\/posts\/81155","targetHints":{"allow":["GET"]}}],"collection":[{"href":"https:\/\/zjarr.tv\/en\/wp-json\/wp\/v2\/posts"}],"about":[{"href":"https:\/\/zjarr.tv\/en\/wp-json\/wp\/v2\/types\/post"}],"author":[{"embeddable":true,"href":"https:\/\/zjarr.tv\/en\/wp-json\/wp\/v2\/users\/2013"}],"replies":[{"embeddable":true,"href":"https:\/\/zjarr.tv\/en\/wp-json\/wp\/v2\/comments?post=81155"}],"version-history":[{"count":0,"href":"https:\/\/zjarr.tv\/en\/wp-json\/wp\/v2\/posts\/81155\/revisions"}],"wp:attachment":[{"href":"https:\/\/zjarr.tv\/en\/wp-json\/wp\/v2\/media?parent=81155"}],"wp:term":[{"taxonomy":"category","embeddable":true,"href":"https:\/\/zjarr.tv\/en\/wp-json\/wp\/v2\/categories?post=81155"},{"taxonomy":"post_tag","embeddable":true,"href":"https:\/\/zjarr.tv\/en\/wp-json\/wp\/v2\/tags?post=81155"}],"curies":[{"name":"wp","href":"https:\/\/api.w.org\/{rel}","templated":true}]}}