{"id":81249,"date":"2019-04-27T22:20:02","date_gmt":"2019-04-27T20:20:02","guid":{"rendered":"https:\/\/zjarr.tv\/?p=81249"},"modified":"2019-04-27T18:03:07","modified_gmt":"2019-04-27T16:03:07","slug":"publikohet-dokumenti-vasfije-krasniqi-do-te-deshmoje-para-komitetit-amerikan","status":"publish","type":"post","link":"https:\/\/zjarr.tv\/en\/publikohet-dokumenti-vasfije-krasniqi-do-te-deshmoje-para-komitetit-amerikan\/","title":{"rendered":"Publikohet dokumenti, Vasfije Krasniqi do t\u00eb d\u00ebshmoj\u00eb para Komitetit amerikan"},"content":{"rendered":"<p>E mbijetuara e dhun\u00ebs seksuale n\u00eb Kosov\u00eb, Vasfije Krasniqi do t\u00eb d\u00ebshmoj\u00eb p\u00ebr krimet serbe n\u00eb Kosov\u00eb para Komitetit p\u00ebr Pun\u00eb t\u00eb Jashtme t\u00eb SHBA-ve.<\/p>\n<p>E kjo \u00ebsht\u00eb d\u00ebshmuar edhe p\u00ebrmes nj\u00eb dokumenti i cili e tregon k\u00ebt\u00eb, raporton lajmi.net.<\/p>\n<p>N\u00eb seanc\u00ebn d\u00ebgjimore e cilat pritet t\u00eb mbahet m\u00eb 30 prill t\u00eb k\u00ebtij viti, do t\u00eb marr pjes\u00eb edhe ish-presidentja e vendit, Atifete Jahjaga.<\/p>\n<p>Kujtojm\u00eb se Kryetar i k\u00ebtij Komiteti \u00ebsht\u00eb miku shum\u00eb i madh i shqiptar\u00ebve Eliot Engel<\/p>\n<p>&nbsp;<\/p>","protected":false},"excerpt":{"rendered":"<p>E mbijetuara e dhun\u00ebs seksuale n\u00eb Kosov\u00eb, Vasfije Krasniqi do t\u00eb d\u00ebshmoj\u00eb p\u00ebr krimet serbe n\u00eb Kosov\u00eb para Komitetit p\u00ebr Pun\u00eb t\u00eb Jashtme t\u00eb SHBA-ve. E kjo \u00ebsht\u00eb d\u00ebshmuar edhe p\u00ebrmes nj\u00eb dokumenti i cili e tregon k\u00ebt\u00eb, raporton lajmi.net. N\u00eb seanc\u00ebn d\u00ebgjimore e cilat pritet t\u00eb mbahet m\u00eb 30 prill t\u00eb k\u00ebtij viti, do [&hellip;]<\/p>\n","protected":false},"author":2013,"featured_media":81250,"comment_status":"open","ping_status":"closed","sticky":false,"template":"","format":"standard","meta":{"footnotes":""},"categories":[241,2],"tags":[],"class_list":{"0":"post-81249","1":"post","2":"type-post","3":"status-publish","4":"format-standard","5":"has-post-thumbnail","7":"category-aktualitet","8":"category-rajoni"},"_links":{"self":[{"href":"https:\/\/zjarr.tv\/en\/wp-json\/wp\/v2\/posts\/81249","targetHints":{"allow":["GET"]}}],"collection":[{"href":"https:\/\/zjarr.tv\/en\/wp-json\/wp\/v2\/posts"}],"about":[{"href":"https:\/\/zjarr.tv\/en\/wp-json\/wp\/v2\/types\/post"}],"author":[{"embeddable":true,"href":"https:\/\/zjarr.tv\/en\/wp-json\/wp\/v2\/users\/2013"}],"replies":[{"embeddable":true,"href":"https:\/\/zjarr.tv\/en\/wp-json\/wp\/v2\/comments?post=81249"}],"version-history":[{"count":0,"href":"https:\/\/zjarr.tv\/en\/wp-json\/wp\/v2\/posts\/81249\/revisions"}],"wp:featuredmedia":[{"embeddable":true,"href":"https:\/\/zjarr.tv\/en\/wp-json\/wp\/v2\/media\/81250"}],"wp:attachment":[{"href":"https:\/\/zjarr.tv\/en\/wp-json\/wp\/v2\/media?parent=81249"}],"wp:term":[{"taxonomy":"category","embeddable":true,"href":"https:\/\/zjarr.tv\/en\/wp-json\/wp\/v2\/categories?post=81249"},{"taxonomy":"post_tag","embeddable":true,"href":"https:\/\/zjarr.tv\/en\/wp-json\/wp\/v2\/tags?post=81249"}],"curies":[{"name":"wp","href":"https:\/\/api.w.org\/{rel}","templated":true}]}}