{"id":81270,"date":"2019-04-28T13:10:53","date_gmt":"2019-04-28T11:10:53","guid":{"rendered":"https:\/\/zjarr.tv\/?p=81270"},"modified":"2019-04-28T13:10:53","modified_gmt":"2019-04-28T11:10:53","slug":"meta-shpresa-dhe-e-mira-nuk-vdes-kurre-para-malit-te-se-keqes","status":"publish","type":"post","link":"https:\/\/zjarr.tv\/en\/meta-shpresa-dhe-e-mira-nuk-vdes-kurre-para-malit-te-se-keqes\/","title":{"rendered":"Meta: Shpresa dhe e mira nuk vdes kurr\u00eb para malit t\u00eb s\u00eb keqes"},"content":{"rendered":"<p>Fest\u00ebn e Pashk\u00ebs p\u00ebr t\u00eb gjith\u00eb besimtar\u00ebt ortodoks\u00eb e uron edhe Presidenti i Republik\u00ebs, Ilir Meta. N\u00eb nj\u00eb postim n\u00eb Facebook, Meta teksa uron mbar\u00ebsi n\u00eb \u00e7do familje shqiptare, tekson se shpresa dhe e mira nuk vdesin kurr\u00eb para malit t\u00eb s\u00eb keqes, padrejt\u00ebsive, veseve, frik\u00ebs e zhg\u00ebnjimit, mosbesimit e arroganc\u00ebs, korrupsionit, dhun\u00ebs dhe \u00e7do fenomeni negativ q\u00eb vret paqen, drejt\u00ebsin\u00eb e barazin\u00eb sociale dhe helmon r\u00ebnd\u00eb shoq\u00ebrin\u00eb.<\/p>\n<p><strong>Postimi i plot\u00eb:\u00a0<\/strong><\/p>\n<p><em>N\u00eb vigjilje t\u00eb kremtimit t\u00eb Dit\u00ebs s\u00eb Ringjalljes s\u00eb Krishtit, u uroj nga zemra besimtar\u00ebve ortodoks\u00eb dhe mbar\u00eb popullit shqiptar: Nga mot g\u00ebzuar Pashk\u00ebt! Mbar\u00ebsi, sh\u00ebndet, paqe e begati n\u00eb familjet tuaja!<\/em><\/p>\n<p><em>Festa e Pashk\u00ebve dhe e drit\u00ebs q\u00eb nuk per\u00ebndon kurr\u00eb, na kujton sot se para malit t\u00eb s\u00eb keqes, padrejt\u00ebsive, veseve, frik\u00ebs e zhg\u00ebnjimit, mosbesimit e arroganc\u00ebs, korrupsionit, dhun\u00ebs dhe \u00e7do fenomeni negativ q\u00eb vret paqen, drejt\u00ebsin\u00eb e barazin\u00eb sociale dhe helmon r\u00ebnd\u00eb shoq\u00ebrin\u00eb, shpresa dhe e mira nuk vdesin kurr\u00eb.<\/em><\/p>\n<p><em>Me besimin n\u00eb Zot dhe duke p\u00ebrqafuar gjithmon\u00eb vlerat m\u00eb t\u00eb mira hyjnore, morale e sociale, por edhe komb\u00ebtare, me dashuri, harmoni t\u00eb plot\u00eb, dialog, mir\u00ebkuptim, bashk\u00ebpunim e v\u00ebllaz\u00ebrim, secili prej nesh dhe shoq\u00ebria jon\u00eb n\u00eb t\u00ebr\u00ebsi, mund t\u00eb tejkaloj\u00eb \u00e7do sfid\u00eb, pavar\u00ebsisht sakrificave, p\u00ebr t\u00eb ecur e sigurt drejt s\u00eb ardhmes m\u00eb t\u00eb mir\u00eb, n\u00eb familjen europiane.<\/em><\/p>\n<p><em>T\u00eb dashur miq,<\/em><\/p>\n<p><em>Dita e Ringjalljes s\u00eb Krishtit gjithashtu na kujton nevoj\u00ebn p\u00ebr t\u00eb forcuar jo vet\u00ebm harmonin\u00eb ton\u00eb t\u00eb shk\u00eblqyer nd\u00ebrfetare, por edhe solidaritetin me njer\u00ebzit n\u00eb nevoj\u00eb, t\u00eb s\u00ebmur\u00ebt, t\u00eb pamundurit, f\u00ebmij\u00ebt e t\u00eb moshuarit, q\u00eb kan\u00eb aq shum\u00eb nevoj\u00eb p\u00ebr p\u00ebrkujdesje e dashuri t\u00eb p\u00ebrhershme.<\/em><\/p>\n<p><em>Duke u p\u00ebrcjell\u00eb t\u00eb gjith\u00ebve urimet e mia m\u00eb t\u00eb mira n\u00eb prag t\u00eb k\u00ebsaj Dite t\u00eb Shenjt\u00eb, jam i bindur se shpresat te jeta m\u00eb e mir\u00eb do t\u00eb ringjallen p\u00ebr mbar\u00eb shqiptar\u00ebt!<\/em><\/p>\n<p><em>G\u00cbZUAR PASHK\u00cbT!<\/em><\/p>\n<p>&nbsp;<\/p>","protected":false},"excerpt":{"rendered":"<p>Fest\u00ebn e Pashk\u00ebs p\u00ebr t\u00eb gjith\u00eb besimtar\u00ebt ortodoks\u00eb e uron edhe Presidenti i Republik\u00ebs, Ilir Meta. N\u00eb nj\u00eb postim n\u00eb Facebook, Meta teksa uron mbar\u00ebsi n\u00eb \u00e7do familje shqiptare, tekson se shpresa dhe e mira nuk vdesin kurr\u00eb para malit t\u00eb s\u00eb keqes, padrejt\u00ebsive, veseve, frik\u00ebs e zhg\u00ebnjimit, mosbesimit e arroganc\u00ebs, korrupsionit, dhun\u00ebs dhe \u00e7do [&hellip;]<\/p>\n","protected":false},"author":2013,"featured_media":73821,"comment_status":"open","ping_status":"closed","sticky":false,"template":"","format":"standard","meta":{"footnotes":""},"categories":[241,235],"tags":[],"class_list":{"0":"post-81270","1":"post","2":"type-post","3":"status-publish","4":"format-standard","5":"has-post-thumbnail","7":"category-aktualitet","8":"category-vendi"},"_links":{"self":[{"href":"https:\/\/zjarr.tv\/en\/wp-json\/wp\/v2\/posts\/81270","targetHints":{"allow":["GET"]}}],"collection":[{"href":"https:\/\/zjarr.tv\/en\/wp-json\/wp\/v2\/posts"}],"about":[{"href":"https:\/\/zjarr.tv\/en\/wp-json\/wp\/v2\/types\/post"}],"author":[{"embeddable":true,"href":"https:\/\/zjarr.tv\/en\/wp-json\/wp\/v2\/users\/2013"}],"replies":[{"embeddable":true,"href":"https:\/\/zjarr.tv\/en\/wp-json\/wp\/v2\/comments?post=81270"}],"version-history":[{"count":0,"href":"https:\/\/zjarr.tv\/en\/wp-json\/wp\/v2\/posts\/81270\/revisions"}],"wp:featuredmedia":[{"embeddable":true,"href":"https:\/\/zjarr.tv\/en\/wp-json\/wp\/v2\/media\/73821"}],"wp:attachment":[{"href":"https:\/\/zjarr.tv\/en\/wp-json\/wp\/v2\/media?parent=81270"}],"wp:term":[{"taxonomy":"category","embeddable":true,"href":"https:\/\/zjarr.tv\/en\/wp-json\/wp\/v2\/categories?post=81270"},{"taxonomy":"post_tag","embeddable":true,"href":"https:\/\/zjarr.tv\/en\/wp-json\/wp\/v2\/tags?post=81270"}],"curies":[{"name":"wp","href":"https:\/\/api.w.org\/{rel}","templated":true}]}}