{"id":81288,"date":"2019-04-28T13:21:44","date_gmt":"2019-04-28T11:21:44","guid":{"rendered":"https:\/\/zjarr.tv\/?p=81288"},"modified":"2019-04-28T13:21:44","modified_gmt":"2019-04-28T11:21:44","slug":"tufa-replike-me-xhufin-qytetar-metropoli-nga-progonati-i-kurveleshit-i-mbylle-kapakun-e-qivurit","status":"publish","type":"post","link":"https:\/\/zjarr.tv\/en\/tufa-replike-me-xhufin-qytetar-metropoli-nga-progonati-i-kurveleshit-i-mbylle-kapakun-e-qivurit\/","title":{"rendered":"Tufa replik\u00eb me Xhufin: Qytetar metropoli nga Progonati i Kurveleshit, i mbylle kapakun e qivurit\u2026"},"content":{"rendered":"<p>Nga Agron Tufa<\/p>\n<p>Nuk ma merrte mendja se do m\u00eb dilte prap\u00eb p\u00ebrpara historiani enverist P\u00ebllumb Xhufi. E kisha hedhur publikisht \u201cnokdaun\u201d, fiks nj\u00eb vit m\u00eb par\u00eb, kur na sajoi at\u00eb historin\u00eb p\u00ebrrallore t\u00eb \u201ckampit t\u00eb pushimit\u201d p\u00ebr Kazermat mortore t\u00eb Tepelen\u00ebs, ku vdiq\u00ebn mbi 300 foshnja e f\u00ebmij\u00eb. Kaq e pati, mendova.<\/p>\n<p>Prej P\u00ebllumbit t\u00eb partis\u00eb nuk mbeti m\u00eb asnj\u00eb pup\u00ebl. Por huqi, thon\u00eb, nuk del para shpirtit. Deri at\u00ebher\u00eb nuk e kisha ditur shkall\u00ebn e habitshme t\u00eb p\u00ebrbuzjes masive p\u00ebr Xhufin, aq sa, nj\u00ebmend, m\u00eb erdhi keq p\u00ebr t\u00eb. M\u00eb kot u rreka t\u00eb gjej n\u00eb paskuil\u00ebn e Xhufit, se mos ka molloisur ndonj\u00eb ide, t\u00eb cil\u00ebn t\u2019ia respektoja p\u00ebr t\u2019iu p\u00ebrgjigjur.<\/p>\n<p>T\u00eb nj\u00ebjtat mllefe, t\u00eb nj\u00ebjtat sharje raciste me dikotomin\u00eb derdimene fshatar-qytetar (kjo \u00ebsht\u00eb Tarifa ligj\u00ebrimore formatit t\u00eb tij), ku un\u00eb jam p\u00ebrjet\u00ebsisht fshatari nga zona e Kastriotit t\u00eb Dibr\u00ebs, \u201canadollak\u201d, i demokracis\u00eb \u201cshall-varegjer\u00eb\u201d; mendja e tij mesjetare q\u00ebmtonte, mandej, \u201ckomplekset\u201d e mia, duke hyr\u00eb k\u00ebshtu n\u00eb mal t\u00eb morekuje-s\u00eb!<\/p>\n<p>Kuptohet, nga nj\u00ebra an\u00eb un\u00eb, fshatari, pafund\u00ebsisht i keqi, sigurisht \u201cballisti\u201d dhe, nga ana tjet\u00ebr, ai, p\u00ebllumbthi, pafund\u00ebsisht i miri, qytetari i metropolit nga Progonati i Kurveleshit, i cili p\u00ebr desh ia k\u00ebputi krahun shoku Enver p\u00ebr nj\u00eb foto dhe me kumbin e fjalimit t\u00eb tij ia mbylli kapakun e qivurit shokut Ramiz. Origjina e qytet\u00ebruar e tij, pa diskutim, as q\u00eb krahasohet p\u00ebr nga ep\u00ebrsia me mua t\u00eb gjorin, fshatarin, e rritur n\u00eb ajrin tejet t\u00eb deklasuar t\u00eb Korabit!<\/p>\n<p>Sepse un\u00eb nuk e kam pas\u00eb babin partizan me fillore, n\u00eb 1943-shit, aq m\u00eb tep\u00ebr t\u00eb shkolluar n\u00eb Bashkimin Sovjetik, jo! Im at\u00eb qe marangoz dhe thjesht nj\u00eb burgaxhi politik. N\u00ebna e motra ime kan\u00eb qen\u00eb njer\u00ebz t\u00eb zakonsh\u00ebm, e pranoj, nuk u ngjit\u00ebn kurr\u00eb n\u00eb rangun e punonj\u00ebsve t\u00eb Sigurimit; daja im, ishte pun\u00ebtor, edhe pse bir partizani, jo prokuror si daja i Xhufit.<\/p>\n<p>E k\u00ebshtu me radh\u00eb, tezja, burri i tezes, nuk m\u00eb kan\u00eb kryesuar ndonj\u00eb Deg\u00eb t\u00eb MPB n\u00ebp\u00ebr rrethe\u2026 \u00c7\u2019t\u2019i b\u00ebsh\u2026 nuk e pat\u00ebm fatin t\u00eb jemi formati dhe tak\u00ebmi i modelit intelektual enverist, si P\u00ebllumbi, dhe mbem\u00eb, more shok\u00eb, mbem\u00eb, larg dyerve t\u00eb qytet\u00ebrimit\u2026<\/p>\n<p>Pastaj kujtohesh, f\u00ebrkon syt\u00eb si prej ndonj\u00eb jermi t\u00eb vjet\u00ebr: nga cila epok\u00eb, cila rr\u00ebnoj\u00eb dhe cili llag\u00ebm lakuriq\u00ebsh nate na flet ky lajm\u00ebtar i s\u00eb res\u00eb? K\u00ebrkova ndonj\u00eb mendim n\u00eb rreshtat e vrerit ndaj meje, por mendimi dukej i ngordhur n\u00eb sip\u00ebrfaqe tek priste pak naftalin\u00eb e nj\u00eb lopat\u00eb dh\u00e9 p\u00ebrsip\u00ebr.<\/p>\n<p>N\u00eb munges\u00eb t\u00eb mendimit, po ndalem te dy surrogate t\u00eb mendimit xhufjan: 2. Xhufi thot\u00eb: \u201cMos i merrni seriozisht th\u00ebniet e tij. Z. Tufa \u00ebsht\u00eb n\u00eb k\u00ebrkim t\u00eb lavdis\u00eb me \u00e7do kusht, qoft\u00eb dhe duke shpikur situata dramatike\u201d. Sigurisht, p\u00ebr perceptimin pamor vet\u00ebm bardh\u00eb e zi t\u00eb z. Xhufi, nuk mund t\u00eb ket\u00eb n\u00eb bot\u00eb kauza, p\u00ebrve\u00e7 antagonizmit klasor, si\u00e7 e ka m\u00ebsuar Tarasi. Kjo antitez\u00eb optike i ka mbetur p\u00ebrfundimisht, ashtu si konet, edhe pse i rritur n\u00eb oborrin e mbretit.<\/p>\n<p>Madje, edhe kur e di mir\u00eb se lavdia ime (\u00e7\u2019term qesharak!), \u00ebsht\u00eb n\u00eb nj\u00eb fush\u00eb krejt tjet\u00ebr. Meq\u00eb vet\u00eb \u00ebsht\u00eb zhg\u00ebnjyer nga kauzat (qysh kur iu gremis para syve tempulli i Tarasit), Xhufi nuk duron k\u00ebdo tjet\u00ebr q\u00eb gjallon e u jepet kauzave me pasion. 1. Xhufi hap goj\u00ebn, por duke ndjer\u00eb pamjaftueshm\u00ebrin\u00eb e mendimit, gog\u00ebsin nj\u00eb term: \u201ckompleks\u201d, por nuk di t\u2019ia q\u00eblloj\u00eb se \u00e7far\u00eb kompleksi.<\/p>\n<p>I provon me radh\u00eb: \u201ci vrim\u00ebs s\u00eb \u00e7el\u00ebsit\u201d, e meq\u00eb nuk i del mjaftuesh\u00ebm, hidhet te nj\u00eb \u201ckompleks\u201d tjet\u00ebr: \u201csadiz\u00ebm\u201d. Por as kjo nuk e k\u00ebnaq dhe shton nj\u00eb tjet\u00ebr: \u201csado- mazokiz\u00ebm\u201d. E treta, e v\u00ebrteta: Ulu, P\u00ebllumb i partis\u00eb, 10! Kaq. Ky \u00ebsht\u00eb maksimumi i shokut Xhufi.<\/p>\n<p>Dhe sapo e thot\u00eb, tradhton menj\u00ebher\u00eb kompleksin qendror t\u00eb llojit t\u00eb tij Autophallocentrizmin, q\u00eb n\u00eb tradit\u00ebn e postpsikoanaliz\u00ebs n\u00ebnkupton at\u00eb lloj patologjie, q\u00eb e percepton veten si kulti i fallusit, drejtuar kah vetja. Le ta l\u00ebm\u00eb, pra, t\u00eb lir\u00eb n\u00eb k\u00ebt\u00eb marr\u00ebdh\u00ebnie vetadhuruese. \/Panorma.al<\/p>\n<p>&nbsp;<\/p>","protected":false},"excerpt":{"rendered":"<p>Nga Agron Tufa Nuk ma merrte mendja se do m\u00eb dilte prap\u00eb p\u00ebrpara historiani enverist P\u00ebllumb Xhufi. E kisha hedhur publikisht \u201cnokdaun\u201d, fiks nj\u00eb vit m\u00eb par\u00eb, kur na sajoi at\u00eb historin\u00eb p\u00ebrrallore t\u00eb \u201ckampit t\u00eb pushimit\u201d p\u00ebr Kazermat mortore t\u00eb Tepelen\u00ebs, ku vdiq\u00ebn mbi 300 foshnja e f\u00ebmij\u00eb. Kaq e pati, mendova. Prej P\u00ebllumbit [&hellip;]<\/p>\n","protected":false},"author":2013,"featured_media":81289,"comment_status":"open","ping_status":"closed","sticky":false,"template":"","format":"standard","meta":{"footnotes":""},"categories":[241,235],"tags":[],"class_list":{"0":"post-81288","1":"post","2":"type-post","3":"status-publish","4":"format-standard","5":"has-post-thumbnail","7":"category-aktualitet","8":"category-vendi"},"_links":{"self":[{"href":"https:\/\/zjarr.tv\/en\/wp-json\/wp\/v2\/posts\/81288","targetHints":{"allow":["GET"]}}],"collection":[{"href":"https:\/\/zjarr.tv\/en\/wp-json\/wp\/v2\/posts"}],"about":[{"href":"https:\/\/zjarr.tv\/en\/wp-json\/wp\/v2\/types\/post"}],"author":[{"embeddable":true,"href":"https:\/\/zjarr.tv\/en\/wp-json\/wp\/v2\/users\/2013"}],"replies":[{"embeddable":true,"href":"https:\/\/zjarr.tv\/en\/wp-json\/wp\/v2\/comments?post=81288"}],"version-history":[{"count":0,"href":"https:\/\/zjarr.tv\/en\/wp-json\/wp\/v2\/posts\/81288\/revisions"}],"wp:featuredmedia":[{"embeddable":true,"href":"https:\/\/zjarr.tv\/en\/wp-json\/wp\/v2\/media\/81289"}],"wp:attachment":[{"href":"https:\/\/zjarr.tv\/en\/wp-json\/wp\/v2\/media?parent=81288"}],"wp:term":[{"taxonomy":"category","embeddable":true,"href":"https:\/\/zjarr.tv\/en\/wp-json\/wp\/v2\/categories?post=81288"},{"taxonomy":"post_tag","embeddable":true,"href":"https:\/\/zjarr.tv\/en\/wp-json\/wp\/v2\/tags?post=81288"}],"curies":[{"name":"wp","href":"https:\/\/api.w.org\/{rel}","templated":true}]}}