{"id":81343,"date":"2019-04-28T13:55:59","date_gmt":"2019-04-28T11:55:59","guid":{"rendered":"https:\/\/zjarr.tv\/?p=81343"},"modified":"2019-04-28T13:55:59","modified_gmt":"2019-04-28T11:55:59","slug":"i-sekuestrohen-90-doza-droge-arrestohet-24-vjecari","status":"publish","type":"post","link":"https:\/\/zjarr.tv\/en\/i-sekuestrohen-90-doza-droge-arrestohet-24-vjecari\/","title":{"rendered":"I sekuestrohen 90 doza drog\u00eb, arrestohet 24 vje\u00e7ari"},"content":{"rendered":"<p>Policia e Memaliajt ka v\u00ebn\u00eb n\u00eb pranga nj\u00eb shtetas, n\u00ebn akuz\u00ebn e kryerjes s\u00eb veprimtarive kriminale n\u00eb fush\u00ebn e narkotik\u00ebve. Policia b\u00ebn me dije se i arrestuari \u00ebsht\u00eb shtetasi D.M., 24 vje\u00e7, banues n\u00eb fshatin Kam\u00e7isht, Memaliaj.<\/p>\n<p><em>\u201cNga kontrolli i ushtruar n\u00eb banes\u00ebn e k\u00ebtij shtetasi u gjet\u00ebn dhe u sekuestruan n\u00eb cil\u00ebsin e prov\u00ebs materiale 90 doza me l\u00ebnd\u00eb narkotike \u00a0q\u00eb dyshohet se do ti shp\u00ebrndante n\u00eb doza. Materialet n\u00eb ngarkim t\u00eb shtetasit t\u00eb m\u00ebsip\u00ebrm i kaluan Prokuroris\u00eb Pran\u00eb Gjykat\u00ebs s\u00eb Shkall\u00ebs s\u00eb Par\u00eb Gjirokast\u00ebr p\u00ebr hetime t\u00eb m\u00ebtejshme\u201d,<\/em>&#8211; njofton policia.<\/p>\n<p>&nbsp;<\/p>","protected":false},"excerpt":{"rendered":"<p>Policia e Memaliajt ka v\u00ebn\u00eb n\u00eb pranga nj\u00eb shtetas, n\u00ebn akuz\u00ebn e kryerjes s\u00eb veprimtarive kriminale n\u00eb fush\u00ebn e narkotik\u00ebve. Policia b\u00ebn me dije se i arrestuari \u00ebsht\u00eb shtetasi D.M., 24 vje\u00e7, banues n\u00eb fshatin Kam\u00e7isht, Memaliaj. \u201cNga kontrolli i ushtruar n\u00eb banes\u00ebn e k\u00ebtij shtetasi u gjet\u00ebn dhe u sekuestruan n\u00eb cil\u00ebsin e prov\u00ebs [&hellip;]<\/p>\n","protected":false},"author":2013,"featured_media":57185,"comment_status":"open","ping_status":"closed","sticky":false,"template":"","format":"standard","meta":{"footnotes":""},"categories":[241,235],"tags":[],"class_list":{"0":"post-81343","1":"post","2":"type-post","3":"status-publish","4":"format-standard","5":"has-post-thumbnail","7":"category-aktualitet","8":"category-vendi"},"_links":{"self":[{"href":"https:\/\/zjarr.tv\/en\/wp-json\/wp\/v2\/posts\/81343","targetHints":{"allow":["GET"]}}],"collection":[{"href":"https:\/\/zjarr.tv\/en\/wp-json\/wp\/v2\/posts"}],"about":[{"href":"https:\/\/zjarr.tv\/en\/wp-json\/wp\/v2\/types\/post"}],"author":[{"embeddable":true,"href":"https:\/\/zjarr.tv\/en\/wp-json\/wp\/v2\/users\/2013"}],"replies":[{"embeddable":true,"href":"https:\/\/zjarr.tv\/en\/wp-json\/wp\/v2\/comments?post=81343"}],"version-history":[{"count":0,"href":"https:\/\/zjarr.tv\/en\/wp-json\/wp\/v2\/posts\/81343\/revisions"}],"wp:featuredmedia":[{"embeddable":true,"href":"https:\/\/zjarr.tv\/en\/wp-json\/wp\/v2\/media\/57185"}],"wp:attachment":[{"href":"https:\/\/zjarr.tv\/en\/wp-json\/wp\/v2\/media?parent=81343"}],"wp:term":[{"taxonomy":"category","embeddable":true,"href":"https:\/\/zjarr.tv\/en\/wp-json\/wp\/v2\/categories?post=81343"},{"taxonomy":"post_tag","embeddable":true,"href":"https:\/\/zjarr.tv\/en\/wp-json\/wp\/v2\/tags?post=81343"}],"curies":[{"name":"wp","href":"https:\/\/api.w.org\/{rel}","templated":true}]}}