{"id":81348,"date":"2019-04-28T14:01:28","date_gmt":"2019-04-28T12:01:28","guid":{"rendered":"https:\/\/zjarr.tv\/?p=81348"},"modified":"2019-04-28T14:01:28","modified_gmt":"2019-04-28T12:01:28","slug":"aksidenet-ne-lac-mamurras-plagoset-drejtuesi-i-benzit","status":"publish","type":"post","link":"https:\/\/zjarr.tv\/en\/aksidenet-ne-lac-mamurras-plagoset-drejtuesi-i-benzit\/","title":{"rendered":"Aksidenet n\u00eb La\u00e7 &#8211; Mamurras, plagoset drejtuesi i benzit"},"content":{"rendered":"<p>Policia b\u00ebn me dije se ngjarja ka ndodhur n\u00eb fshatin Gjorm\u00eb, ku ka mbetur i plagosur drejtuesi i Benzit, shtetasi me iniciale S.T, i cili \u00ebsht\u00eb d\u00ebrguar n\u00eb Spitalin e Traum\u00ebs n\u00eb Tiran\u00eb dhe ndodhet n\u00ebn kujdesin mjek\u00ebsor.<\/p>\n<p>N\u00eb aksin rrugor La\u00e7- Mamurras, n\u00eb fshatin Gjorm\u00eb, mjeti tip Benz me\u00a0 drejtues shtetasin S.T, 57 vje\u00e7, banues n\u00eb Kurbin \u00ebsht\u00eb p\u00ebrplasur me mjetin kamion me drejtues shtetasin M.L.,37 vje\u00e7, banues n\u00eb Kurbin.<\/p>\n<p>Si pasoj\u00eb e p\u00ebrplasjes ka mbetur i d\u00ebmtuar drejtuesi i mjetit shtetasi\u00a0 S.T., i cili \u00ebsht\u00eb d\u00ebrguar n\u00eb Spitalin e Traum\u00ebs Tiran\u00eb dhe ndodhet n\u00ebn kujdesin mjek\u00ebsor. Grupi hetimor vazhdon veprimet\u00a0 n\u00eb vendngjarje p\u00ebr sqarimin e rrethanave\u00a0 t\u00eb aksidentit.<\/p>\n<p>&nbsp;<\/p>","protected":false},"excerpt":{"rendered":"<p>Policia b\u00ebn me dije se ngjarja ka ndodhur n\u00eb fshatin Gjorm\u00eb, ku ka mbetur i plagosur drejtuesi i Benzit, shtetasi me iniciale S.T, i cili \u00ebsht\u00eb d\u00ebrguar n\u00eb Spitalin e Traum\u00ebs n\u00eb Tiran\u00eb dhe ndodhet n\u00ebn kujdesin mjek\u00ebsor. N\u00eb aksin rrugor La\u00e7- Mamurras, n\u00eb fshatin Gjorm\u00eb, mjeti tip Benz me\u00a0 drejtues shtetasin S.T, 57 vje\u00e7, [&hellip;]<\/p>\n","protected":false},"author":2013,"featured_media":66936,"comment_status":"open","ping_status":"closed","sticky":false,"template":"","format":"standard","meta":{"footnotes":""},"categories":[241,235],"tags":[],"class_list":{"0":"post-81348","1":"post","2":"type-post","3":"status-publish","4":"format-standard","5":"has-post-thumbnail","7":"category-aktualitet","8":"category-vendi"},"_links":{"self":[{"href":"https:\/\/zjarr.tv\/en\/wp-json\/wp\/v2\/posts\/81348","targetHints":{"allow":["GET"]}}],"collection":[{"href":"https:\/\/zjarr.tv\/en\/wp-json\/wp\/v2\/posts"}],"about":[{"href":"https:\/\/zjarr.tv\/en\/wp-json\/wp\/v2\/types\/post"}],"author":[{"embeddable":true,"href":"https:\/\/zjarr.tv\/en\/wp-json\/wp\/v2\/users\/2013"}],"replies":[{"embeddable":true,"href":"https:\/\/zjarr.tv\/en\/wp-json\/wp\/v2\/comments?post=81348"}],"version-history":[{"count":0,"href":"https:\/\/zjarr.tv\/en\/wp-json\/wp\/v2\/posts\/81348\/revisions"}],"wp:featuredmedia":[{"embeddable":true,"href":"https:\/\/zjarr.tv\/en\/wp-json\/wp\/v2\/media\/66936"}],"wp:attachment":[{"href":"https:\/\/zjarr.tv\/en\/wp-json\/wp\/v2\/media?parent=81348"}],"wp:term":[{"taxonomy":"category","embeddable":true,"href":"https:\/\/zjarr.tv\/en\/wp-json\/wp\/v2\/categories?post=81348"},{"taxonomy":"post_tag","embeddable":true,"href":"https:\/\/zjarr.tv\/en\/wp-json\/wp\/v2\/tags?post=81348"}],"curies":[{"name":"wp","href":"https:\/\/api.w.org\/{rel}","templated":true}]}}