{"id":82116,"date":"2019-05-02T13:03:47","date_gmt":"2019-05-02T11:03:47","guid":{"rendered":"https:\/\/zjarr.tv\/?p=82116"},"modified":"2019-05-02T13:03:47","modified_gmt":"2019-05-02T11:03:47","slug":"u-kap-nga-kamerat-lihet-ne-burg-i-arrestuari-per-vrasjen-e-policit","status":"publish","type":"post","link":"https:\/\/zjarr.tv\/en\/u-kap-nga-kamerat-lihet-ne-burg-i-arrestuari-per-vrasjen-e-policit\/","title":{"rendered":"U kap nga kamerat, lihet n\u00eb burg i arrestuari p\u00ebr vrasjen e policit"},"content":{"rendered":"<p>Gjykata ka caktuar sot mas\u00ebn e arrestit me burg p\u00ebr 47-vjecarin Arben Xhetani, i arrestuar nj\u00eb dit\u00eb m\u00eb par\u00eb p\u00ebr vrasjen e ish policit Arben Bilali n\u00eb Selit\u00eb.<\/p>\n<p>47-vjecari rezulton t\u00eb jet\u00eb filmuar nga kat\u00ebr kamera sigurie q\u00eb ndodhen pran\u00eb zon\u00ebs, ku mbeti i vrar\u00eb ish polici Bilali. N\u00eb kamera Xhetani shihet teksa largon nj\u00eb pistolet\u00eb nga vendi i ngjarjes, pistolet\u00eb e cila dyshohet t\u00eb jet\u00eb e autor\u00ebve t\u00eb krimit apo edhe e vet\u00eb ish policit t\u00eb vrar\u00eb. M\u00eb her\u00ebt Xhetani kishte mohuar t\u00eb kishte lidhje me pistolet\u00ebn e gjetur n\u00eb vendin e ngjarjes.<\/p>\n<p>Arben Biliali u ekzekutua pran\u00eb sht\u00ebpis\u00eb s\u00eb tij me 10 plumba, nd\u00ebrsa familja e tij ishte n\u00eb konflikt dhe e ngujuar. 50-vjecari kishte dal\u00eb nga banesa disa or\u00eb para se ta q\u00ebllonin. Ai po kthehej n\u00eb sht\u00ebpi me nj\u00eb makin\u00eb tip \u201cGolf 4\u201d, ku po udh\u00ebtonte si pasagjer.<\/p>\n<p>Makina e tij \u00ebsht\u00eb v\u00ebn\u00eb n\u00eb ndjekje nga 2 atentator\u00ebt q\u00eb udh\u00ebtonin me nj\u00eb \u201cBenz\u201d t\u00eb zi. Kamerat e siguris\u00eb tregojn\u00eb se ai u ndoq p\u00ebr rreth 9 kilometra q\u00eb prej kryq\u00ebzimit t\u00eb \u201cVasil Shantos\u201d deri n\u00eb rrug\u00ebn \u201cDaniel Ndreka\u201d ku kishte sht\u00ebpin\u00eb.<\/p>","protected":false},"excerpt":{"rendered":"<p>Gjykata ka caktuar sot mas\u00ebn e arrestit me burg p\u00ebr 47-vjecarin Arben Xhetani, i arrestuar nj\u00eb dit\u00eb m\u00eb par\u00eb p\u00ebr vrasjen e ish policit Arben Bilali n\u00eb Selit\u00eb. 47-vjecari rezulton t\u00eb jet\u00eb filmuar nga kat\u00ebr kamera sigurie q\u00eb ndodhen pran\u00eb zon\u00ebs, ku mbeti i vrar\u00eb ish polici Bilali. N\u00eb kamera Xhetani shihet teksa largon nj\u00eb [&hellip;]<\/p>\n","protected":false},"author":4,"featured_media":82117,"comment_status":"open","ping_status":"closed","sticky":false,"template":"","format":"standard","meta":{"footnotes":""},"categories":[241,231,235],"tags":[],"class_list":{"0":"post-82116","1":"post","2":"type-post","3":"status-publish","4":"format-standard","5":"has-post-thumbnail","7":"category-aktualitet","8":"category-lajme","9":"category-vendi"},"_links":{"self":[{"href":"https:\/\/zjarr.tv\/en\/wp-json\/wp\/v2\/posts\/82116","targetHints":{"allow":["GET"]}}],"collection":[{"href":"https:\/\/zjarr.tv\/en\/wp-json\/wp\/v2\/posts"}],"about":[{"href":"https:\/\/zjarr.tv\/en\/wp-json\/wp\/v2\/types\/post"}],"author":[{"embeddable":true,"href":"https:\/\/zjarr.tv\/en\/wp-json\/wp\/v2\/users\/4"}],"replies":[{"embeddable":true,"href":"https:\/\/zjarr.tv\/en\/wp-json\/wp\/v2\/comments?post=82116"}],"version-history":[{"count":0,"href":"https:\/\/zjarr.tv\/en\/wp-json\/wp\/v2\/posts\/82116\/revisions"}],"wp:featuredmedia":[{"embeddable":true,"href":"https:\/\/zjarr.tv\/en\/wp-json\/wp\/v2\/media\/82117"}],"wp:attachment":[{"href":"https:\/\/zjarr.tv\/en\/wp-json\/wp\/v2\/media?parent=82116"}],"wp:term":[{"taxonomy":"category","embeddable":true,"href":"https:\/\/zjarr.tv\/en\/wp-json\/wp\/v2\/categories?post=82116"},{"taxonomy":"post_tag","embeddable":true,"href":"https:\/\/zjarr.tv\/en\/wp-json\/wp\/v2\/tags?post=82116"}],"curies":[{"name":"wp","href":"https:\/\/api.w.org\/{rel}","templated":true}]}}