{"id":82722,"date":"2019-05-06T12:05:27","date_gmt":"2019-05-06T10:05:27","guid":{"rendered":"https:\/\/zjarr.tv\/?p=82722"},"modified":"2019-05-06T12:05:27","modified_gmt":"2019-05-06T10:05:27","slug":"humbja-e-jetes-se-ushtarakes-shqiptare-ne-letoni-reagon-rama-dhimbje-e-thelle","status":"publish","type":"post","link":"https:\/\/zjarr.tv\/en\/humbja-e-jetes-se-ushtarakes-shqiptare-ne-letoni-reagon-rama-dhimbje-e-thelle\/","title":{"rendered":"Humbja e jet\u00ebs s\u00eb ushtarakes shqiptare n\u00eb Letoni, reagon Rama: Dhimbje e thell\u00eb"},"content":{"rendered":"<p style=\"background: white;margin: 0in 0in 11.25pt 0in\"><span style=\"color: #262626\">Kryeministri Edi Rama reagon lidhur me humbjen e jet\u00ebs s\u00eb ushtarakes shqiptare me mision n\u00eb Letoni.<\/span><\/p>\n<p style=\"background: white;text-align: start;margin: 0in 0in 11.25pt 0in\"><span style=\"color: #262626\">\u201cDhimbje e respekt i thell\u00eb p\u00ebr efektivin e Forcave t\u00eb Armatosura, Zarife Hasanaj, e cila ra n\u00eb krye t\u00eb detyr\u00ebs gjat\u00eb nj\u00eb misioni t\u00eb NATO-s n\u00eb Letoni, ku u plagos\u00ebn dhe dy efektiv\u00eb t\u00eb tjer\u00eb!<\/span><\/p>\n<p style=\"background: white;text-align: start;margin: 0in 0in 11.25pt 0in\"><span style=\"color: #262626\">Ngush\u00ebllime familjes, t\u00eb af\u00ebrmve e miqve t\u00eb Zarifes dhe qoft\u00eb i p\u00ebrjetsh\u00ebm kujtimi i saj\u201d, shkruan Rama.<\/span><\/p>\n<p style=\"background: white;text-align: start;margin: 0in 0in 11.25pt 0in\"><span style=\"color: #262626\">Ngjarja e r\u00ebnd\u00eb ndodhi m\u00ebngjesin e sot\u00ebm n\u00eb Letoni, ku Forcat tona t\u00eb Armatosura jan\u00eb p\u00ebrfaq\u00ebsuar me nj\u00eb kontigjent n\u00eb kuad\u00ebr t\u00eb misionit t\u00eb NATOs \u201cEnhanced Forward Presence\u201d.<\/span><\/p>","protected":false},"excerpt":{"rendered":"<p>Kryeministri Edi Rama reagon lidhur me humbjen e jet\u00ebs s\u00eb ushtarakes shqiptare me mision n\u00eb Letoni. \u201cDhimbje e respekt i thell\u00eb p\u00ebr efektivin e Forcave t\u00eb Armatosura, Zarife Hasanaj, e cila ra n\u00eb krye t\u00eb detyr\u00ebs gjat\u00eb nj\u00eb misioni t\u00eb NATO-s n\u00eb Letoni, ku u plagos\u00ebn dhe dy efektiv\u00eb t\u00eb tjer\u00eb! Ngush\u00ebllime familjes, t\u00eb af\u00ebrmve [&hellip;]<\/p>\n","protected":false},"author":4,"featured_media":80383,"comment_status":"open","ping_status":"closed","sticky":false,"template":"","format":"standard","meta":{"footnotes":""},"categories":[241,231,235],"tags":[],"class_list":{"0":"post-82722","1":"post","2":"type-post","3":"status-publish","4":"format-standard","5":"has-post-thumbnail","7":"category-aktualitet","8":"category-lajme","9":"category-vendi"},"_links":{"self":[{"href":"https:\/\/zjarr.tv\/en\/wp-json\/wp\/v2\/posts\/82722","targetHints":{"allow":["GET"]}}],"collection":[{"href":"https:\/\/zjarr.tv\/en\/wp-json\/wp\/v2\/posts"}],"about":[{"href":"https:\/\/zjarr.tv\/en\/wp-json\/wp\/v2\/types\/post"}],"author":[{"embeddable":true,"href":"https:\/\/zjarr.tv\/en\/wp-json\/wp\/v2\/users\/4"}],"replies":[{"embeddable":true,"href":"https:\/\/zjarr.tv\/en\/wp-json\/wp\/v2\/comments?post=82722"}],"version-history":[{"count":0,"href":"https:\/\/zjarr.tv\/en\/wp-json\/wp\/v2\/posts\/82722\/revisions"}],"wp:featuredmedia":[{"embeddable":true,"href":"https:\/\/zjarr.tv\/en\/wp-json\/wp\/v2\/media\/80383"}],"wp:attachment":[{"href":"https:\/\/zjarr.tv\/en\/wp-json\/wp\/v2\/media?parent=82722"}],"wp:term":[{"taxonomy":"category","embeddable":true,"href":"https:\/\/zjarr.tv\/en\/wp-json\/wp\/v2\/categories?post=82722"},{"taxonomy":"post_tag","embeddable":true,"href":"https:\/\/zjarr.tv\/en\/wp-json\/wp\/v2\/tags?post=82722"}],"curies":[{"name":"wp","href":"https:\/\/api.w.org\/{rel}","templated":true}]}}