{"id":82741,"date":"2019-05-07T12:35:17","date_gmt":"2019-05-07T10:35:17","guid":{"rendered":"https:\/\/zjarr.tv\/?p=82741"},"modified":"2019-05-07T12:35:17","modified_gmt":"2019-05-07T10:35:17","slug":"i-udhehequr-nga-ps-kqz-regjistron-koalicionin-aleanca-per-shqiperine-europiane","status":"publish","type":"post","link":"https:\/\/zjarr.tv\/en\/i-udhehequr-nga-ps-kqz-regjistron-koalicionin-aleanca-per-shqiperine-europiane\/","title":{"rendered":"I udh\u00ebhequr nga PS, KQZ regjistron koalicionin \u201cAleanca p\u00ebr Shqip\u00ebrin\u00eb Europiane\u201d"},"content":{"rendered":"<p>Komisioni Qendror vijon normalisht pun\u00ebn p\u00ebr p\u00ebrgatitjen p\u00ebr zgjedhjet lokale t\u00eb 30 qershorit.<\/p>\n<p>K\u00ebshtu dit\u00ebn e sotme KQZ ka regjistruar koalicionin m\u00eb t\u00eb madh deri m\u00eb tani, \u201cAleanca p\u00ebr Shqip\u00ebrin\u00eb Europiane\u201d.<\/p>\n<p>B\u00ebhet fjal\u00eb p\u00ebr koalicionin e udh\u00ebhequr nga Partia Socialiste, ku pjes\u00eb e tij jan\u00eb 21 parti.<\/p>\n<p>Nd\u00ebrkoh\u00eb deri m\u00eb tani opozita e madhe e drejtuar nga Partia Demokratike dhe L\u00ebvizja Socialiste p\u00ebr Integrim kan\u00eb deklaruar bojkotimin e zgjedhjeve t\u00eb qershorit.<\/p>\n<p>Dy partit\u00eb aleate k\u00ebrkojn\u00eb dor\u00ebheqjen e Kryeministrit Edi Rama dhe krijimin e nj\u00eb qeverie tranzitore p\u00ebr t\u00eb mbajtur zgjedhje t\u00eb parakohshme parlamentare.<\/p>","protected":false},"excerpt":{"rendered":"<p>Komisioni Qendror vijon normalisht pun\u00ebn p\u00ebr p\u00ebrgatitjen p\u00ebr zgjedhjet lokale t\u00eb 30 qershorit. K\u00ebshtu dit\u00ebn e sotme KQZ ka regjistruar koalicionin m\u00eb t\u00eb madh deri m\u00eb tani, \u201cAleanca p\u00ebr Shqip\u00ebrin\u00eb Europiane\u201d. B\u00ebhet fjal\u00eb p\u00ebr koalicionin e udh\u00ebhequr nga Partia Socialiste, ku pjes\u00eb e tij jan\u00eb 21 parti. Nd\u00ebrkoh\u00eb deri m\u00eb tani opozita e madhe e [&hellip;]<\/p>\n","protected":false},"author":4,"featured_media":0,"comment_status":"open","ping_status":"closed","sticky":false,"template":"","format":"standard","meta":{"footnotes":""},"categories":[241,231,235],"tags":[],"class_list":{"0":"post-82741","1":"post","2":"type-post","3":"status-publish","4":"format-standard","6":"category-aktualitet","7":"category-lajme","8":"category-vendi"},"_links":{"self":[{"href":"https:\/\/zjarr.tv\/en\/wp-json\/wp\/v2\/posts\/82741","targetHints":{"allow":["GET"]}}],"collection":[{"href":"https:\/\/zjarr.tv\/en\/wp-json\/wp\/v2\/posts"}],"about":[{"href":"https:\/\/zjarr.tv\/en\/wp-json\/wp\/v2\/types\/post"}],"author":[{"embeddable":true,"href":"https:\/\/zjarr.tv\/en\/wp-json\/wp\/v2\/users\/4"}],"replies":[{"embeddable":true,"href":"https:\/\/zjarr.tv\/en\/wp-json\/wp\/v2\/comments?post=82741"}],"version-history":[{"count":0,"href":"https:\/\/zjarr.tv\/en\/wp-json\/wp\/v2\/posts\/82741\/revisions"}],"wp:attachment":[{"href":"https:\/\/zjarr.tv\/en\/wp-json\/wp\/v2\/media?parent=82741"}],"wp:term":[{"taxonomy":"category","embeddable":true,"href":"https:\/\/zjarr.tv\/en\/wp-json\/wp\/v2\/categories?post=82741"},{"taxonomy":"post_tag","embeddable":true,"href":"https:\/\/zjarr.tv\/en\/wp-json\/wp\/v2\/tags?post=82741"}],"curies":[{"name":"wp","href":"https:\/\/api.w.org\/{rel}","templated":true}]}}