{"id":82743,"date":"2019-05-07T12:37:28","date_gmt":"2019-05-07T10:37:28","guid":{"rendered":"https:\/\/zjarr.tv\/?p=82743"},"modified":"2019-05-07T12:37:28","modified_gmt":"2019-05-07T10:37:28","slug":"kqz-i-jep-mandatin-e-deputetit-tre-kandidateve-nga-lista-e-pd","status":"publish","type":"post","link":"https:\/\/zjarr.tv\/en\/kqz-i-jep-mandatin-e-deputetit-tre-kandidateve-nga-lista-e-pd\/","title":{"rendered":"KQZ i jep mandatin e deputetit tre kandidat\u00ebve nga lista e PD"},"content":{"rendered":"<p>Tre deputet\u00eb t\u00eb tjer\u00eb t\u00eb PD-s\u00eb, i shtohen numrit t\u00eb deput\u00ebve t\u00eb opozit\u00ebs n\u00eb Kuvendin e Shqip\u00ebris\u00eb, q\u00eb kan\u00eb pranuar, ndryshe nga partit\u00eb q\u00eb i kandiduan n\u00eb lista, t\u00eb mos e djegin mandatin e tyre.<\/p>\n<p>Komisioni Qendror i Zgjedhjeve, n\u00eb mbledhjen e sotme iu ka dh\u00ebn\u00eb mandatin e deputetit tre kandidat\u00ebve t\u00eb tjer\u00eb t\u00eb opozit\u00ebs, kresisht nga lista e Partis\u00eb Demokratike<\/p>\n<p>B\u00ebhet fjal\u00eb p\u00ebr Ko\u00e7i Tahirin, Kujtim Gjuzin dhe Indrit Hoxh\u00ebn. K\u00ebshtu tre t\u00eb mandatuarit e rinj, pritet t\u00eb b\u00ebjn\u00eb betimin n\u00eb seanc\u00ebn parlamentare t\u00eb s\u00eb enjtes.<\/p>\n<p>Kujtojm\u00eb se Kujtim Gjuzi \u00ebsht\u00eb pjes\u00eb e list\u00ebs s\u00eb Durr\u00ebsit, Indrit Hoxha p\u00ebr qarkun e Tiran\u00ebs dhe Ko\u00e7i Tahiri p\u00ebr qarkun e Kor\u00e7\u00ebs.<\/p>\n<p>Tre deputet\u00ebt e rinj pritet t\u00eb b\u00ebjn\u00eb betimin n\u00eb seanc\u00ebn e radh\u00ebs plenare n\u00eb Kuvendin e Shqip\u00ebris\u00eb<\/p>","protected":false},"excerpt":{"rendered":"<p>Tre deputet\u00eb t\u00eb tjer\u00eb t\u00eb PD-s\u00eb, i shtohen numrit t\u00eb deput\u00ebve t\u00eb opozit\u00ebs n\u00eb Kuvendin e Shqip\u00ebris\u00eb, q\u00eb kan\u00eb pranuar, ndryshe nga partit\u00eb q\u00eb i kandiduan n\u00eb lista, t\u00eb mos e djegin mandatin e tyre. Komisioni Qendror i Zgjedhjeve, n\u00eb mbledhjen e sotme iu ka dh\u00ebn\u00eb mandatin e deputetit tre kandidat\u00ebve t\u00eb tjer\u00eb t\u00eb opozit\u00ebs, [&hellip;]<\/p>\n","protected":false},"author":4,"featured_media":0,"comment_status":"open","ping_status":"closed","sticky":false,"template":"","format":"standard","meta":{"footnotes":""},"categories":[241,231,235],"tags":[],"class_list":{"0":"post-82743","1":"post","2":"type-post","3":"status-publish","4":"format-standard","6":"category-aktualitet","7":"category-lajme","8":"category-vendi"},"_links":{"self":[{"href":"https:\/\/zjarr.tv\/en\/wp-json\/wp\/v2\/posts\/82743","targetHints":{"allow":["GET"]}}],"collection":[{"href":"https:\/\/zjarr.tv\/en\/wp-json\/wp\/v2\/posts"}],"about":[{"href":"https:\/\/zjarr.tv\/en\/wp-json\/wp\/v2\/types\/post"}],"author":[{"embeddable":true,"href":"https:\/\/zjarr.tv\/en\/wp-json\/wp\/v2\/users\/4"}],"replies":[{"embeddable":true,"href":"https:\/\/zjarr.tv\/en\/wp-json\/wp\/v2\/comments?post=82743"}],"version-history":[{"count":0,"href":"https:\/\/zjarr.tv\/en\/wp-json\/wp\/v2\/posts\/82743\/revisions"}],"wp:attachment":[{"href":"https:\/\/zjarr.tv\/en\/wp-json\/wp\/v2\/media?parent=82743"}],"wp:term":[{"taxonomy":"category","embeddable":true,"href":"https:\/\/zjarr.tv\/en\/wp-json\/wp\/v2\/categories?post=82743"},{"taxonomy":"post_tag","embeddable":true,"href":"https:\/\/zjarr.tv\/en\/wp-json\/wp\/v2\/tags?post=82743"}],"curies":[{"name":"wp","href":"https:\/\/api.w.org\/{rel}","templated":true}]}}