{"id":82750,"date":"2019-05-07T13:37:28","date_gmt":"2019-05-07T11:37:28","guid":{"rendered":"https:\/\/zjarr.tv\/?p=82750"},"modified":"2019-05-07T13:37:28","modified_gmt":"2019-05-07T11:37:28","slug":"perfundon-seanca-per-balilin-trupa-terhiqet-per-vendim-sa-rrezikon-eskobari-i-ballkanit","status":"publish","type":"post","link":"https:\/\/zjarr.tv\/en\/perfundon-seanca-per-balilin-trupa-terhiqet-per-vendim-sa-rrezikon-eskobari-i-ballkanit\/","title":{"rendered":"P\u00ebrfundon seanca p\u00ebr Balilin, trupa t\u00ebrhiqet p\u00ebr vendim. Sa rrezikon \u201cEskobari i Ballkanit\u201d"},"content":{"rendered":"<p>Ka p\u00ebrfunduar seanca e sotme gjyq\u00ebsore n\u00eb ngarkim t\u00eb Klement Balilit, i etiketuar si \u201cEskobari i Ballkanit\u201d.<\/p>\n<p>Avokati mbrojt\u00ebs, Theodhori Sollaku k\u00ebrkoi pafaj\u00ebsi p\u00ebr klientin e tij, nd\u00ebrkoh\u00eb q\u00eb trupa u t\u00ebrhoq p\u00ebr t\u00eb marr\u00eb vendimin.<\/p>\n<p>Kjo pasi pala mbrojt\u00ebse b\u00ebri mbrojtjen duke refuzuar akuzat e Prokuroris\u00eb, nd\u00ebrkoh\u00eb q\u00eb pas seanc\u00ebs s\u00eb zgjatur p\u00ebr dy or\u00eb trupa gjykuese do t\u00eb shqyrtoj\u00eb provat dhe do t\u00eb dal\u00eb me vendim.<\/p>\n<p>Pak jav\u00eb m\u00eb par\u00eb Prokuroria e Krimeve t\u00eb R\u00ebnda k\u00ebrkoi d\u00ebnimin Balilit me 18 vite burg, i cili n\u00eb rast t\u00eb shpalljes fajtor, p\u00ebr shkak t\u00eb gjykimit t\u00eb shkurtuar rrezikon q\u00eb t\u00eb vuaj\u00eb 12 vite burg, pasi p\u00ebrfiton uljen e 1\/3 s\u00eb d\u00ebnimit.<\/p>\n<p>Disa jav\u00eb m\u00eb par\u00eb Prokuroria i d\u00ebrgoi nj\u00eb k\u00ebrkes\u00eb gjykat\u00ebs, n\u00ebp\u00ebrmjet s\u00eb cil\u00ebs k\u00ebrkonte edhe sekuestrimin e pasurive t\u00eb Balilit.<\/p>\n<p>B\u00ebhet fjal\u00eb p\u00ebr nj\u00eb truall me sip\u00ebrfaqe 11.994 m2 n\u00eb qytetin e Sarand\u00ebs.<\/p>\n<p>Objektin e ish-Kampi i Pushimit t\u00eb Pun\u00ebtor\u00ebve 4+1 kate me sip\u00ebrfaqe nd\u00ebrtimi 1923 m2 dhe sip\u00ebrfaqe trualli 13.000 m2 ndodhur n\u00eb qytetin e Sarand\u00ebs.<\/p>\n<p>Gjithashtu edhe nj\u00eb truall me sip\u00ebrfaqe 1716.91 m2 me ndodhur n\u00eb qytetin e Sarand\u00ebs dhe nj\u00ebsi me sip\u00ebrfaqe 120 m2, dhe 23 apartamente.<\/p>\n<p>Klement Balili u vet\u00ebdor\u00ebzua n\u00eb polici m\u00eb 15 janar, n\u00ebn nd\u00ebrmjet\u00ebsimin e drejtorit t\u00eb Policis\u00eb s\u00eb Shtetit, Ardi Veliu, n\u00eb fshatin Stjart t\u00eb Delvin\u00ebs, nd\u00ebrkoh\u00eb q\u00eb nuk i ka pranuar akuzat.<\/p>\n<p>Akuzat e ngritura ndaj Balilit jan\u00eb \u201cTrafikim i l\u00ebnd\u00ebve narkotike, kryer n\u00eb bashk\u00ebpunim\u201d, \u201cPjes\u00ebmarrje n\u00eb grup t\u00eb strukturuar\u201d, \u201cRefuzim p\u00ebr deklarim, mosdeklarim, fshehje ose deklarim i rrem\u00eb i pasurive\u201d si dhe \u201cPastrim parash\u201d.<\/p>","protected":false},"excerpt":{"rendered":"<p>Ka p\u00ebrfunduar seanca e sotme gjyq\u00ebsore n\u00eb ngarkim t\u00eb Klement Balilit, i etiketuar si \u201cEskobari i Ballkanit\u201d. Avokati mbrojt\u00ebs, Theodhori Sollaku k\u00ebrkoi pafaj\u00ebsi p\u00ebr klientin e tij, nd\u00ebrkoh\u00eb q\u00eb trupa u t\u00ebrhoq p\u00ebr t\u00eb marr\u00eb vendimin. Kjo pasi pala mbrojt\u00ebse b\u00ebri mbrojtjen duke refuzuar akuzat e Prokuroris\u00eb, nd\u00ebrkoh\u00eb q\u00eb pas seanc\u00ebs s\u00eb zgjatur p\u00ebr dy [&hellip;]<\/p>\n","protected":false},"author":4,"featured_media":62745,"comment_status":"open","ping_status":"closed","sticky":false,"template":"","format":"standard","meta":{"footnotes":""},"categories":[241,231,235],"tags":[],"class_list":{"0":"post-82750","1":"post","2":"type-post","3":"status-publish","4":"format-standard","5":"has-post-thumbnail","7":"category-aktualitet","8":"category-lajme","9":"category-vendi"},"_links":{"self":[{"href":"https:\/\/zjarr.tv\/en\/wp-json\/wp\/v2\/posts\/82750","targetHints":{"allow":["GET"]}}],"collection":[{"href":"https:\/\/zjarr.tv\/en\/wp-json\/wp\/v2\/posts"}],"about":[{"href":"https:\/\/zjarr.tv\/en\/wp-json\/wp\/v2\/types\/post"}],"author":[{"embeddable":true,"href":"https:\/\/zjarr.tv\/en\/wp-json\/wp\/v2\/users\/4"}],"replies":[{"embeddable":true,"href":"https:\/\/zjarr.tv\/en\/wp-json\/wp\/v2\/comments?post=82750"}],"version-history":[{"count":0,"href":"https:\/\/zjarr.tv\/en\/wp-json\/wp\/v2\/posts\/82750\/revisions"}],"wp:featuredmedia":[{"embeddable":true,"href":"https:\/\/zjarr.tv\/en\/wp-json\/wp\/v2\/media\/62745"}],"wp:attachment":[{"href":"https:\/\/zjarr.tv\/en\/wp-json\/wp\/v2\/media?parent=82750"}],"wp:term":[{"taxonomy":"category","embeddable":true,"href":"https:\/\/zjarr.tv\/en\/wp-json\/wp\/v2\/categories?post=82750"},{"taxonomy":"post_tag","embeddable":true,"href":"https:\/\/zjarr.tv\/en\/wp-json\/wp\/v2\/tags?post=82750"}],"curies":[{"name":"wp","href":"https:\/\/api.w.org\/{rel}","templated":true}]}}