{"id":82761,"date":"2019-05-07T15:09:25","date_gmt":"2019-05-07T13:09:25","guid":{"rendered":"https:\/\/zjarr.tv\/?p=82761"},"modified":"2019-05-07T15:09:25","modified_gmt":"2019-05-07T13:09:25","slug":"luan-rama-qeveria-kerkon-te-kontrolloje-vettingun-ne-polici","status":"publish","type":"post","link":"https:\/\/zjarr.tv\/en\/luan-rama-qeveria-kerkon-te-kontrolloje-vettingun-ne-polici\/","title":{"rendered":"Luan Rama: Qeveria k\u00ebrkon t\u00eb kontrolloj\u00eb vettingun n\u00eb polici"},"content":{"rendered":"<p><em>L\u00ebvizja Socialiste p\u00ebr Integrim i k\u00ebrkon deputet\u00ebve n\u00eb Parlament q\u00eb t\u00eb mos votojn\u00eb ligjin e ndryshuar t\u00eb vettingut n\u00eb polici. N\u00ebnkryetari i LSI ka akuzuar qeverin\u00eb se po k\u00ebrkon t\u00eb kontrolloj\u00eb k\u00ebt\u00eb proces, duke treguar pabesi ndaj partner\u00ebve q\u00eb kan\u00eb kontribuar n\u00eb formulimin e ligjit.<\/em><\/p>\n<p>Nj\u00eb dit\u00eb pas rr\u00ebzimit t\u00eb dekretit t\u00eb Presidentit p\u00ebr vettingun n\u00eb polici nga ana e mazhoranc\u00ebs, LSI i k\u00ebrkon Parlamentit q\u00eb t\u00eb mos e votoj\u00eb ligjin e ndryshuar. N\u00ebnkryetari Luan Rama thekson se ndryshimet n\u00eb ligj e kan\u00eb deformuar procesin m\u00eb q\u00ebllim p\u00ebr ta patur n\u00eb nkontroll procesin.<\/p>\n<p>Luan Rama i kujton qeveris\u00eb se ligji p\u00ebr vettingun n\u00eb polici, pa u prekur nga ndryshimet e fundit, \u00ebsht\u00eb b\u00ebr\u00eb me konsensusin e pal\u00ebve politik\u00eb dhe me mb\u00ebshtetjen e nd\u00ebrkomb\u00ebtar\u00ebve.<\/p>\n<p>Ligji i ndryshuar p\u00ebr vettingun n\u00eb polici pritet q\u00eb t\u00eb kaloj\u00eb nes\u00ebr p\u00ebr votim n\u00eb seanc\u00ebn plenare, pavar\u00ebsisht se Presidenti dhe opozita e kan\u00eb konsideruar si nj\u00eb instrument p\u00ebr t\u00eb patur n\u00ebn kontroll vettingun e polic\u00ebve.<\/p>\n<p>&nbsp;<\/p>","protected":false},"excerpt":{"rendered":"<p>L\u00ebvizja Socialiste p\u00ebr Integrim i k\u00ebrkon deputet\u00ebve n\u00eb Parlament q\u00eb t\u00eb mos votojn\u00eb ligjin e ndryshuar t\u00eb vettingut n\u00eb polici. N\u00ebnkryetari i LSI ka akuzuar qeverin\u00eb se po k\u00ebrkon t\u00eb kontrolloj\u00eb k\u00ebt\u00eb proces, duke treguar pabesi ndaj partner\u00ebve q\u00eb kan\u00eb kontribuar n\u00eb formulimin e ligjit. Nj\u00eb dit\u00eb pas rr\u00ebzimit t\u00eb dekretit t\u00eb Presidentit p\u00ebr vettingun [&hellip;]<\/p>\n","protected":false},"author":2013,"featured_media":0,"comment_status":"open","ping_status":"closed","sticky":false,"template":"","format":"standard","meta":{"footnotes":""},"categories":[241,235],"tags":[],"class_list":{"0":"post-82761","1":"post","2":"type-post","3":"status-publish","4":"format-standard","6":"category-aktualitet","7":"category-vendi"},"_links":{"self":[{"href":"https:\/\/zjarr.tv\/en\/wp-json\/wp\/v2\/posts\/82761","targetHints":{"allow":["GET"]}}],"collection":[{"href":"https:\/\/zjarr.tv\/en\/wp-json\/wp\/v2\/posts"}],"about":[{"href":"https:\/\/zjarr.tv\/en\/wp-json\/wp\/v2\/types\/post"}],"author":[{"embeddable":true,"href":"https:\/\/zjarr.tv\/en\/wp-json\/wp\/v2\/users\/2013"}],"replies":[{"embeddable":true,"href":"https:\/\/zjarr.tv\/en\/wp-json\/wp\/v2\/comments?post=82761"}],"version-history":[{"count":0,"href":"https:\/\/zjarr.tv\/en\/wp-json\/wp\/v2\/posts\/82761\/revisions"}],"wp:attachment":[{"href":"https:\/\/zjarr.tv\/en\/wp-json\/wp\/v2\/media?parent=82761"}],"wp:term":[{"taxonomy":"category","embeddable":true,"href":"https:\/\/zjarr.tv\/en\/wp-json\/wp\/v2\/categories?post=82761"},{"taxonomy":"post_tag","embeddable":true,"href":"https:\/\/zjarr.tv\/en\/wp-json\/wp\/v2\/tags?post=82761"}],"curies":[{"name":"wp","href":"https:\/\/api.w.org\/{rel}","templated":true}]}}