{"id":82900,"date":"2019-05-08T11:29:15","date_gmt":"2019-05-08T09:29:15","guid":{"rendered":"https:\/\/zjarr.tv\/?p=82900"},"modified":"2019-05-08T11:29:15","modified_gmt":"2019-05-08T09:29:15","slug":"protesta-e-opozites-me-bllokim-rrugesh-ahmetaj-krijoi-krize-artificiale-do-mbaje-pergjegjesi","status":"publish","type":"post","link":"https:\/\/zjarr.tv\/en\/protesta-e-opozites-me-bllokim-rrugesh-ahmetaj-krijoi-krize-artificiale-do-mbaje-pergjegjesi\/","title":{"rendered":"Protesta e opozit\u00ebs me bllokim rrug\u00ebsh, Ahmetaj: Krijoi kriz\u00eb artificiale, do mbaj\u00eb p\u00ebrgjegj\u00ebsi"},"content":{"rendered":"<p>Ish-Ministri i Financave, Arben Ahmetaj komentoi sot n\u00eb seanc\u00ebn plenare, protest\u00ebn e opozit\u00ebs me bllokim t\u00eb akseve komb\u00ebtare n\u00eb vend. Ahmetaj tha se ky \u00ebsht\u00eb nj\u00eb skenar i njohur i opozit\u00ebs, pasi sa her\u00eb Shqip\u00ebria ndodhet p\u00ebrpara momenteve t\u00eb r\u00ebnd\u00ebsishme, si tani ai i hapjes s\u00eb negociatave opozita del n\u00eb rrug\u00eb.<\/p>\n<p>\u201cPD e LSI jasht\u00eb k\u00ebtij parlamenti kan\u00eb b\u00ebr\u00eb t\u00eb nj\u00ebjt\u00ebn gj\u00eb, n\u00eb momente t\u00eb r\u00ebnd\u00ebsishme. Opozita ka dal\u00eb n\u00eb rrug\u00eb, ka krijuar artificialisht nj\u00eb kriz\u00eb p\u00ebr t\u00eb penguar at\u00eb q\u00eb i takon qytetar\u00ebve shqiptar\u00eb prej vitesh\u201d, u shpreh Ahmetaj.<\/p>\n<p>M\u00eb tej ai shtoi se opozita do mbaj\u00eb p\u00ebrgjegj\u00ebsi para shqiptar\u00ebve p\u00ebr k\u00ebt\u00eb q\u00eb po b\u00ebjn\u00eb sot. \u201cN\u00ebse kauza \u00ebsht\u00eb kaq e fort\u00eb \u00e7\u2019nevoj\u00eb ka t\u00eb bllokojn\u00eb rrug\u00ebt. Kauzat e forta t\u00ebrheqin v\u00ebmendje, dhe i \u00e7ojm\u00eb para institucione p\u00ebrkat\u00ebse apo parlamentit, kryeministris\u00eb etj, \u00e7\u2019arsye ka t\u00eb bllokosh rrug\u00ebt, t\u00eb pengosh nj\u00eb sip\u00ebrmarrje, t\u00eb bllokosh j\u00eb t\u00eb s\u00ebmur\u00eb t\u00eb shkoj\u00eb n\u00eb spital. Pas 30 vitesh demokraci, bllokimi i rrug\u00ebve \u00ebsht\u00eb instrument i opozit\u00ebs n\u00eb rrug\u00eb, q\u00ebllimi \u00ebsht\u00eb i qart\u00eb.<\/p>\n<p>Nd\u00ebr t\u00eb tjera ish-ministri i financave k\u00ebrkoi nga Guvernatori i Bank\u00ebs s\u00eb Shqip\u00ebris\u00eb, t\u00eb kthej\u00eb n\u00eb strategjin\u00eb e shtytjes se sistemit bankar n\u00eb dh\u00ebnien e kredis\u00eb.<\/p>\n<p>\u201cKa ardhur koha ta kthej\u00eb n\u00eb strategjin\u00eb e shtytjes s\u00eb sistemit bankar n\u00eb dh\u00ebnien e kredis\u00eb. Edhe n\u00eb rezolut\u00eb e kemi p\u00ebrfshir\u00eb n\u00eb komision besoj \u00ebsht\u00eb momenti q\u00eb Banka e Shqip\u00ebris\u00eb t\u00eb th\u00ebrras\u00eb n\u00eb tryez\u00eb sistemin bankar.<\/p>\n<p>N\u00eb fund t\u00eb 2018, qeveria b\u00ebri blerje mbrapsht t\u00ebrhoqi bono me dy q\u00ebllime, ulja e kostos s\u00eb borxhit dhe dh\u00ebnia e mund\u00ebsis\u00eb t\u00eb sistemit bankar t\u00eb funksionoj\u00eb ndaj sistemit privat. Kredit\u00eb e k\u00ebqija kan\u00eb zbritur n\u00eb 12% nga 25% \u00ebsht\u00eb nj\u00eb arritje shum\u00eb e madhe, por ka shum\u00eb pun\u00eb p\u00ebr t\u00eb b\u00ebr\u00eb. Harmonizim i m\u00ebtejsh\u00ebm i politikave monetare me ato fiskale\u201d, theksoi Ahmetaj.<\/p>","protected":false},"excerpt":{"rendered":"<p>Ish-Ministri i Financave, Arben Ahmetaj komentoi sot n\u00eb seanc\u00ebn plenare, protest\u00ebn e opozit\u00ebs me bllokim t\u00eb akseve komb\u00ebtare n\u00eb vend. Ahmetaj tha se ky \u00ebsht\u00eb nj\u00eb skenar i njohur i opozit\u00ebs, pasi sa her\u00eb Shqip\u00ebria ndodhet p\u00ebrpara momenteve t\u00eb r\u00ebnd\u00ebsishme, si tani ai i hapjes s\u00eb negociatave opozita del n\u00eb rrug\u00eb. \u201cPD e LSI jasht\u00eb [&hellip;]<\/p>\n","protected":false},"author":4,"featured_media":65934,"comment_status":"open","ping_status":"closed","sticky":false,"template":"","format":"standard","meta":{"footnotes":""},"categories":[241,231,235],"tags":[],"class_list":{"0":"post-82900","1":"post","2":"type-post","3":"status-publish","4":"format-standard","5":"has-post-thumbnail","7":"category-aktualitet","8":"category-lajme","9":"category-vendi"},"_links":{"self":[{"href":"https:\/\/zjarr.tv\/en\/wp-json\/wp\/v2\/posts\/82900","targetHints":{"allow":["GET"]}}],"collection":[{"href":"https:\/\/zjarr.tv\/en\/wp-json\/wp\/v2\/posts"}],"about":[{"href":"https:\/\/zjarr.tv\/en\/wp-json\/wp\/v2\/types\/post"}],"author":[{"embeddable":true,"href":"https:\/\/zjarr.tv\/en\/wp-json\/wp\/v2\/users\/4"}],"replies":[{"embeddable":true,"href":"https:\/\/zjarr.tv\/en\/wp-json\/wp\/v2\/comments?post=82900"}],"version-history":[{"count":0,"href":"https:\/\/zjarr.tv\/en\/wp-json\/wp\/v2\/posts\/82900\/revisions"}],"wp:featuredmedia":[{"embeddable":true,"href":"https:\/\/zjarr.tv\/en\/wp-json\/wp\/v2\/media\/65934"}],"wp:attachment":[{"href":"https:\/\/zjarr.tv\/en\/wp-json\/wp\/v2\/media?parent=82900"}],"wp:term":[{"taxonomy":"category","embeddable":true,"href":"https:\/\/zjarr.tv\/en\/wp-json\/wp\/v2\/categories?post=82900"},{"taxonomy":"post_tag","embeddable":true,"href":"https:\/\/zjarr.tv\/en\/wp-json\/wp\/v2\/tags?post=82900"}],"curies":[{"name":"wp","href":"https:\/\/api.w.org\/{rel}","templated":true}]}}