{"id":82902,"date":"2019-05-08T11:42:43","date_gmt":"2019-05-08T09:42:43","guid":{"rendered":"https:\/\/zjarr.tv\/?p=82902"},"modified":"2019-05-08T11:42:43","modified_gmt":"2019-05-08T09:42:43","slug":"tre-ushtarake-humben-jeten-rudina-hajdari-tjeter-gafe-ne-seance","status":"publish","type":"post","link":"https:\/\/zjarr.tv\/en\/tre-ushtarake-humben-jeten-rudina-hajdari-tjeter-gafe-ne-seance\/","title":{"rendered":"\u2018Tre ushtarak\u00eb humb\u00ebn jet\u00ebn\u201d Rudina Hajdari tjet\u00ebr gaf\u00eb n\u00eb seanc\u00eb"},"content":{"rendered":"<p>Deputetja Rudina Hajdari, k\u00ebrkoi sot nj\u00eb minut\u00eb heshtje p\u00ebr ngjarjen e ndodhur m\u00eb 6 maj n\u00eb kampin Adazi t\u00eb Letonis\u00eb.<\/p>\n<div id=\"sticky-video--placeholder\">\n<p>Por duket se deputetja Hajdari nuk ka qen\u00eb e mir\u00ebinformuar p\u00ebr ngjarjen e r\u00ebnd\u00eb, nd\u00ebrsa u shpreh se m\u00eb dat\u00ebn 6 maj humb\u00ebn jet\u00ebn tre ushtarak\u00eb shqiptar\u00eb. Fjalimi u nd\u00ebrpre nga deputet\u00eb t\u00eb maxhoranc\u00ebs, t\u00eb cil\u00ebt u munduan t\u00eb korigjojn\u00eb deputeten Hajdari, e cila insistoi n\u00eb fjalimin e saj, duke k\u00ebrkuar t\u00eb thot\u00eb edhe emrat e ushtarak\u00ebve, por n\u00eb fund u \u2018bind t\u00eb pranoj\u00eb\u2019 se dy prej tyre ishin t\u00eb plagosur.<\/p>\n<p>E painformuar apo nj\u00eb lapsus gjat\u00eb fjalimit duket t\u00eb ket\u00eb qen\u00eb edhe emri i ushtarakes s\u00eb ndjer\u00eb, q\u00eb humbi jet\u00ebn n\u00eb kampin Adazi n\u00eb Rig\u00eb t\u00eb Letonis\u00eb.<\/p>\n<\/div>","protected":false},"excerpt":{"rendered":"<p>Deputetja Rudina Hajdari, k\u00ebrkoi sot nj\u00eb minut\u00eb heshtje p\u00ebr ngjarjen e ndodhur m\u00eb 6 maj n\u00eb kampin Adazi t\u00eb Letonis\u00eb. Por duket se deputetja Hajdari nuk ka qen\u00eb e mir\u00ebinformuar p\u00ebr ngjarjen e r\u00ebnd\u00eb, nd\u00ebrsa u shpreh se m\u00eb dat\u00ebn 6 maj humb\u00ebn jet\u00ebn tre ushtarak\u00eb shqiptar\u00eb. Fjalimi u nd\u00ebrpre nga deputet\u00eb t\u00eb maxhoranc\u00ebs, t\u00eb [&hellip;]<\/p>\n","protected":false},"author":4,"featured_media":77012,"comment_status":"open","ping_status":"closed","sticky":false,"template":"","format":"standard","meta":{"footnotes":""},"categories":[241,231,235],"tags":[],"class_list":{"0":"post-82902","1":"post","2":"type-post","3":"status-publish","4":"format-standard","5":"has-post-thumbnail","7":"category-aktualitet","8":"category-lajme","9":"category-vendi"},"_links":{"self":[{"href":"https:\/\/zjarr.tv\/en\/wp-json\/wp\/v2\/posts\/82902","targetHints":{"allow":["GET"]}}],"collection":[{"href":"https:\/\/zjarr.tv\/en\/wp-json\/wp\/v2\/posts"}],"about":[{"href":"https:\/\/zjarr.tv\/en\/wp-json\/wp\/v2\/types\/post"}],"author":[{"embeddable":true,"href":"https:\/\/zjarr.tv\/en\/wp-json\/wp\/v2\/users\/4"}],"replies":[{"embeddable":true,"href":"https:\/\/zjarr.tv\/en\/wp-json\/wp\/v2\/comments?post=82902"}],"version-history":[{"count":0,"href":"https:\/\/zjarr.tv\/en\/wp-json\/wp\/v2\/posts\/82902\/revisions"}],"wp:featuredmedia":[{"embeddable":true,"href":"https:\/\/zjarr.tv\/en\/wp-json\/wp\/v2\/media\/77012"}],"wp:attachment":[{"href":"https:\/\/zjarr.tv\/en\/wp-json\/wp\/v2\/media?parent=82902"}],"wp:term":[{"taxonomy":"category","embeddable":true,"href":"https:\/\/zjarr.tv\/en\/wp-json\/wp\/v2\/categories?post=82902"},{"taxonomy":"post_tag","embeddable":true,"href":"https:\/\/zjarr.tv\/en\/wp-json\/wp\/v2\/tags?post=82902"}],"curies":[{"name":"wp","href":"https:\/\/api.w.org\/{rel}","templated":true}]}}