{"id":82905,"date":"2019-05-08T11:49:36","date_gmt":"2019-05-08T09:49:36","guid":{"rendered":"https:\/\/zjarr.tv\/?p=82905"},"modified":"2019-05-08T11:49:36","modified_gmt":"2019-05-08T09:49:36","slug":"partia-drejtesi-integrim-dhe-unitet-pdiu-ka-reaguar-serish-per-tabelat-ne-greqisht-ne-jug-te-shqiperise-pdiu-shprehet-se-respekton-komunitetin-grek-por-se-tabelat-ne-greqisht-jane-vendosur-edhe-n","status":"publish","type":"post","link":"https:\/\/zjarr.tv\/en\/partia-drejtesi-integrim-dhe-unitet-pdiu-ka-reaguar-serish-per-tabelat-ne-greqisht-ne-jug-te-shqiperise-pdiu-shprehet-se-respekton-komunitetin-grek-por-se-tabelat-ne-greqisht-jane-vendosur-edhe-n\/","title":{"rendered":"Partia Drejt\u00ebsi, Integrim dhe Unitet, PDIU ka reaguar s\u00ebrish p\u00ebr tabelat n\u00eb greqisht n\u00eb jug t\u00eb Shqip\u00ebris\u00eb.  PDIU shprehet se respekton komunitetin grek, por se tabelat n\u00eb greqisht jan\u00eb vendosur edhe n\u00eb bashki t\u00eb banuara kryesisht me shqiptar\u00eb. N\u00eb deklarat\u00ebn e PDIU thuhet se mir\u00ebkuptojn\u00eb tabelat n\u00eb greqisht n\u00eb Finiq e n\u00eb Dropull, por s\u2019mund t\u00eb kuptohen tabela n\u00eb gjuh\u00ebn greke n\u00eb zona t\u00eb banuara me shqiptar\u00eb si Konispoli, Narta dhe Delvina."},"content":{"rendered":"<p>Partia Drejt\u00ebsi, Integrim dhe Unitet, PDIU ka reaguar s\u00ebrish p\u00ebr tabelat n\u00eb greqisht n\u00eb jug t\u00eb Shqip\u00ebris\u00eb.<\/p>\n<p>PDIU shprehet se respekton komunitetin grek, por se tabelat n\u00eb greqisht jan\u00eb vendosur edhe n\u00eb bashki t\u00eb banuara kryesisht me shqiptar\u00eb. N\u00eb deklarat\u00ebn e PDIU thuhet se mir\u00ebkuptojn\u00eb tabelat n\u00eb greqisht n\u00eb Finiq e n\u00eb Dropull, por s\u2019mund t\u00eb kuptohen tabela n\u00eb gjuh\u00ebn greke n\u00eb zona t\u00eb banuara me shqiptar\u00eb si Konispoli, Narta dhe Delvina.<\/p>\n<p><strong>Deklarata e plot\u00eb e PDIU:<\/strong><\/p>\n<p>Po shfryt\u00ebzojm\u00eb rastin p\u00ebr t\u2019i dh\u00ebn\u00eb p\u00ebrgjigje nj\u00eb gazete dhe politikan\u00ebve q\u00eb sulmojn\u00eb deklarat\u00ebn e PDIU-s\u00eb p\u00ebr tabelat n\u00eb jug t\u00eb vendit. Si parti patriotike n\u00eb nj\u00eb deklarat\u00eb kemi denoncuar faktin q\u00eb tabelat ishin n\u00eb gjuh\u00ebn greke dhe pastaj n\u00eb gjuh\u00ebn shqipe dhe p\u00ebrtej dy zonave t\u00eb njohura si minoritare, q\u00eb n\u00eb koh\u00ebn e Mbretit Zog.<\/p>\n<p>Nd\u00ebrkoh\u00eb u akuzuam nga politikan\u00eb t\u00eb pap\u00ebrgjegjsh\u00ebm dhe t\u00eb bler\u00eb, se deklarata ishte e padrejt\u00eb dhe ne po nxisnim edhe munges\u00ebn e bashk\u00ebjetes\u00ebs.<\/p>\n<p>Sot po i adresohemi n\u00eb em\u00ebr t\u00eb t\u00eb gjith\u00eb shqiptar\u00ebve t\u00eb \u00c7am\u00ebris\u00eb. N\u00ebse ka nj\u00eb komunitet q\u00eb e di se \u00e7\u2019do t\u00eb thot\u00eb t\u00eb jesh i diskriminuar, por kurr\u00eb kok\u00ebulur, jan\u00eb shqiptar\u00ebt e \u00c7am\u00ebris\u00eb. Kemi p\u00ebrjetuar gjenocidin, spastrimin etnik, vrasjet e f\u00ebmij\u00ebve, pleqve, burrave dhe grave, jo me arm\u00eb n\u00eb dor\u00eb, por me buk\u00eb n\u00eb goj\u00eb n\u00eb sht\u00ebpit\u00eb e tyre. Ne na shp\u00ebrngul\u00ebn me dhun\u00eb nga vatrat tona vet\u00ebm pse ishim shqiptar\u00eb.<\/p>\n<p>P\u00ebr t\u00eb gjith\u00eb ata q\u00eb e din\u00eb, apo b\u00ebjn\u00eb sikur nuk e din\u00eb, zonat minoritare t\u00eb p\u00ebrcaktuara q\u00eb n\u00eb koh\u00ebn e Mbretit Zog, jan\u00eb Finiqi dhe Dropulli. Aty kan\u00eb gjith\u00eb t\u00eb drejt\u00ebn q\u00eb t\u00eb ken\u00eb tabela me dy gjuh\u00eb, por gjuha e par\u00eb n\u00eb Shqip\u00ebri \u00ebsht\u00eb gjuha shqipe, pastaj vijn\u00eb gjuh\u00ebt e pakicave.<\/p>\n<p>Asnj\u00eb s\u2019mund t\u00eb thot\u00eb sot q\u00eb tabelat nuk ishin n\u00eb kund\u00ebrshtim me ligjin dhe pastaj me integritetin e dinjitetin e \u00e7do shqiptari.<\/p>\n<p>\u00c7far\u00eb donin k\u00ebto tabela me dy gjuh\u00eb dhe n\u00eb fillim me gjuh\u00ebn greke n\u00eb Konispol, n\u00eb Nart\u00eb, n\u00eb Delvin\u00eb, ku nuk jan\u00eb zona minoritare? N\u00ebse doni q\u00eb t\u00eb kuptoni se kush e nxit p\u00ebr\u00e7arjen, jan\u00eb pik\u00ebrisht akte t\u00eb tilla n\u00eb kund\u00ebrshtim me ligjin, q\u00eb ngjallin sensibilitete njer\u00ebzore e komb\u00ebtare.<\/p>\n<p>Prandaj ne i b\u00ebm\u00eb thirrje qeveris\u00eb shqiptare q\u00eb t\u00eb mos hesht\u00eb dhe t\u00eb mbyllte syt\u00eb. M\u00ebsuam q\u00eb ARRSH dhe Policia nd\u00ebrhyn\u00eb. Ne p\u00ebr k\u00ebt\u00eb akt n\u00eb p\u00ebrputhje me ligjin sot i vler\u00ebsojm\u00eb, por dje nuk rrinim dot pa u th\u00ebn\u00eb q\u00eb duhet t\u00eb b\u00ebni detyr\u00ebn dhe ruani dinjitetin e \u00e7do shqiptari.<\/p>\n<p>P\u00ebr ndonj\u00ebrin nga k\u00ebta politikan\u00eb q\u00eb e ka merak \u00c7am\u00ebrin\u00eb dhe Shp\u00ebtim Idrizin, p\u00ebr sa i p\u00ebrket se kush jemi ne \u00e7am\u00ebt n\u00eb raport me t\u00eb drejtat e njeriut, por edhe me t\u00eb drejtat e minoritetit grek. Mos harroni q\u00eb deputet\u00ebt e PDIU-s\u00eb b\u00ebn t\u00eb mundur q\u00eb t\u00eb realizohej reforma territoriale. Mos harroni q\u00eb pa votat tona nuk do kishim Bashkin\u00eb e Finiqit dhe Bashkin\u00eb e Dropullit, t\u00eb njohura q\u00eb n\u00eb vitin 1937. Po sigurisht q\u00eb pa votat tona nuk do kishim as Bashkin\u00eb e \u00c7am\u00ebris\u00eb, q\u00eb \u00ebsht\u00eb Bashkia e Konispolit, e q\u00eb sot drejtohet nga nj\u00eb \u00e7am.<\/p>\n<p>N\u00ebse doni t\u00eb shikoni se si shkojn\u00eb minoritar\u00ebt dhe shqiptar\u00ebt e \u00c7am\u00ebris\u00eb, shkoni shikoni n\u00eb Konispol, ku jan\u00eb \u00e7do dit\u00eb bashk\u00eb. K\u00ebta jemi ne.<\/p>","protected":false},"excerpt":{"rendered":"<p>Partia Drejt\u00ebsi, Integrim dhe Unitet, PDIU ka reaguar s\u00ebrish p\u00ebr tabelat n\u00eb greqisht n\u00eb jug t\u00eb Shqip\u00ebris\u00eb. PDIU shprehet se respekton komunitetin grek, por se tabelat n\u00eb greqisht jan\u00eb vendosur edhe n\u00eb bashki t\u00eb banuara kryesisht me shqiptar\u00eb. N\u00eb deklarat\u00ebn e PDIU thuhet se mir\u00ebkuptojn\u00eb tabelat n\u00eb greqisht n\u00eb Finiq e n\u00eb Dropull, por s\u2019mund [&hellip;]<\/p>\n","protected":false},"author":4,"featured_media":82906,"comment_status":"open","ping_status":"closed","sticky":false,"template":"","format":"standard","meta":{"footnotes":""},"categories":[241,231,235],"tags":[],"class_list":{"0":"post-82905","1":"post","2":"type-post","3":"status-publish","4":"format-standard","5":"has-post-thumbnail","7":"category-aktualitet","8":"category-lajme","9":"category-vendi"},"_links":{"self":[{"href":"https:\/\/zjarr.tv\/en\/wp-json\/wp\/v2\/posts\/82905","targetHints":{"allow":["GET"]}}],"collection":[{"href":"https:\/\/zjarr.tv\/en\/wp-json\/wp\/v2\/posts"}],"about":[{"href":"https:\/\/zjarr.tv\/en\/wp-json\/wp\/v2\/types\/post"}],"author":[{"embeddable":true,"href":"https:\/\/zjarr.tv\/en\/wp-json\/wp\/v2\/users\/4"}],"replies":[{"embeddable":true,"href":"https:\/\/zjarr.tv\/en\/wp-json\/wp\/v2\/comments?post=82905"}],"version-history":[{"count":0,"href":"https:\/\/zjarr.tv\/en\/wp-json\/wp\/v2\/posts\/82905\/revisions"}],"wp:featuredmedia":[{"embeddable":true,"href":"https:\/\/zjarr.tv\/en\/wp-json\/wp\/v2\/media\/82906"}],"wp:attachment":[{"href":"https:\/\/zjarr.tv\/en\/wp-json\/wp\/v2\/media?parent=82905"}],"wp:term":[{"taxonomy":"category","embeddable":true,"href":"https:\/\/zjarr.tv\/en\/wp-json\/wp\/v2\/categories?post=82905"},{"taxonomy":"post_tag","embeddable":true,"href":"https:\/\/zjarr.tv\/en\/wp-json\/wp\/v2\/tags?post=82905"}],"curies":[{"name":"wp","href":"https:\/\/api.w.org\/{rel}","templated":true}]}}