{"id":82914,"date":"2019-05-08T12:08:48","date_gmt":"2019-05-08T10:08:48","guid":{"rendered":"https:\/\/zjarr.tv\/?p=82914"},"modified":"2019-05-08T12:08:48","modified_gmt":"2019-05-08T10:08:48","slug":"mesila-doda-merr-shishen-e-ujit-ne-dore-sherr-me-baton-haxhiun","status":"publish","type":"post","link":"https:\/\/zjarr.tv\/en\/mesila-doda-merr-shishen-e-ujit-ne-dore-sherr-me-baton-haxhiun\/","title":{"rendered":"Mesila Doda merr shishen e ujit n\u00eb dor\u00eb, sherr me Baton Haxhiun"},"content":{"rendered":"<p>Ish-deputetja Mesila Doda dhe gazetari Baton Haxhiu kan\u00eb debatuar ashp\u00ebr n\u00eb \u201cOpinion\u201d p\u00ebr \u00e7\u00ebshtjen e korrigjimit t\u00eb kufijve t\u00eb Kosov\u00ebs dhe p\u00ebrplasjen n\u00eb distanc\u00ebs mes kryeministrave Rama dhe Haradinaj.<\/p>\n<p>Sipas ish-deputetes Doda n\u00eb dark\u00ebn e Beogradit ideja e shk\u00ebmbimit t\u00eb territoreve u hodh fillimisht nga ministri i Jasht\u00ebm serb Ivica Da\u00e7i\u00e7 dhe m\u00eb pas ka patur nj\u00eb takim Rama-Vu\u00e7i\u00e7 ku u diskutua p\u00ebr k\u00ebt\u00eb tem\u00eb.<\/p>\n<p>Haxhiu e kund\u00ebrshtoi dhe tha se ai ka qen\u00eb vet\u00eb i pranish\u00ebm n\u00eb dark\u00ebn e Beogradit dhe nuk ka patur asnj\u00eb diskutim t\u00eb till\u00eb.<\/p>\n<p><strong>Baton Haxhiu<\/strong>: Gjasht\u00eb vet\u00eb kan\u00eb qen\u00eb n\u00eb takim, dhe un\u00eb po t\u00eb them q\u00eb n\u00ebse ka ndonj\u00eb krenari t\u00eb z.Rama karshi delegacionit serb\u2026 Meq\u00eb po flasim, z.Rama ka refuzuar kategorikisht t\u00eb flas\u00eb p\u00ebr k\u00ebt\u00eb tem\u00eb dhe z.Vu\u00e7i\u00e7 nuk e ka hapur fare tem\u00ebn e ndryshimit t\u00eb kufijve dhe \u00ebsht\u00eb turp t\u00eb flitet\u2026Un\u00eb kam th\u00ebn\u00eb q\u00eb Gjermania asnj\u00ebher\u00eb nuk e ka p\u00ebrkrahur Pavar\u00ebsin\u00eb e Kosov\u00ebs.<\/p>\n<p><strong>Mesila Doda:<\/strong>\u00a0G\u00ebnjen, g\u00ebnjen<\/p>\n<p><strong>Baton Haxhiu:<\/strong>\u00a0Ti mundesh vet\u00ebm bashk\u00ebshortit t\u00ebnd t\u2019i thuash g\u00ebnjen.<\/p>\n<p><strong>Mesila Doda:<\/strong>\u00a0Bashk\u00ebshorti im nuk g\u00ebnjen, ti g\u00ebnjen. Edhe her\u00eb tjet\u00ebr mos guxo m\u00eb t\u00eb m\u00eb flas\u00ebsh mua. Ti je rruga\u00e7 me mua flit mir\u00eb. \u00cbsht\u00eb duke g\u00ebnjyer.<\/p>\n<p><strong>Baton Haxhiu:<\/strong>\u00a0Ti vet\u00ebm bashk\u00ebshortin t\u00ebnd mundesh t\u00eb g\u00ebnjesh.<\/p>\n<p><strong>Mesila Doda:<\/strong>\u00a0S\u2019ke pun\u00eb ti se e di \u00e7t\u00eb b\u00ebj apo jo (momenti kur merr shishen)\u2026 Guxo dhe nj\u00ebher\u00eb t\u00eb m\u00eb flas\u00ebsh mua me k\u00ebt\u00eb gjuh\u00eb dhe kjo shishe t\u00eb p\u00ebrfundon n\u00eb kok\u00eb. Rruga\u00e7, g\u00ebnjeshtar ordiner. Ti q\u00eb na fton n\u00eb studio (Fevziut), m\u00ebsoji t\u00eb kontrollojn\u00eb fjal\u00ebn njer\u00ebzit q\u00eb jan\u00eb k\u00ebtu n\u00eb studio. D\u00ebgjoje se \u00e7far\u00eb tha.<\/p>\n<p><strong>Blendi Fevziu:<\/strong>\u00a0\u00c7far\u00eb tha? Nuk e d\u00ebgjova.<\/p>\n<p><strong>Mesila Doda<\/strong>: Ai q\u00eb thot\u00eb ti vet\u00ebm mund t\u2019i thuash t\u00ebt shoqi g\u00ebnjeshtar dhe q\u00eb s\u2019duhet t\u00eb flas\u00ebsh. Po g\u00ebnjen kur flet p\u00ebr asociacionin, po g\u00ebnjen kur flet p\u00ebr Gjermanin\u00eb, po g\u00ebnjen kur flet p\u00ebr kufijt\u00eb. Ky ka qen\u00eb brenda pazarit.<\/p>\n<p><strong>Blendi Fevziu:<\/strong>\u00a0Po ai thot\u00eb s\u2019kam qen\u00eb.<\/p>\n<p><strong>Mesila Doda<\/strong>: Absolutisht po! Ai e di dhe e ka th\u00ebn\u00eb.<\/p>\n<p><strong>Blendi Fevziu<\/strong>: E ke th\u00ebn\u00eb ti Baton q\u00eb \u00ebsht\u00eb b\u00ebr\u00eb marr\u00ebveshja aty?<\/p>\n<p><strong>Baton Haxhiu<\/strong>: Lere mo, kjo \u00ebsht\u00eb pa lidhje. M\u00eb vjen turp q\u00eb jam n\u00eb studio Fevzo.<\/p>\n<p><strong>Mesila Doda<\/strong>: Edhe mua m\u00eb vjen t\u00eb jem me nj\u00eb si puna jote, i neveritsh\u00ebm.<\/p>","protected":false},"excerpt":{"rendered":"<p>Ish-deputetja Mesila Doda dhe gazetari Baton Haxhiu kan\u00eb debatuar ashp\u00ebr n\u00eb \u201cOpinion\u201d p\u00ebr \u00e7\u00ebshtjen e korrigjimit t\u00eb kufijve t\u00eb Kosov\u00ebs dhe p\u00ebrplasjen n\u00eb distanc\u00ebs mes kryeministrave Rama dhe Haradinaj. Sipas ish-deputetes Doda n\u00eb dark\u00ebn e Beogradit ideja e shk\u00ebmbimit t\u00eb territoreve u hodh fillimisht nga ministri i Jasht\u00ebm serb Ivica Da\u00e7i\u00e7 dhe m\u00eb pas ka [&hellip;]<\/p>\n","protected":false},"author":4,"featured_media":82915,"comment_status":"open","ping_status":"closed","sticky":false,"template":"","format":"standard","meta":{"footnotes":""},"categories":[241,231,235],"tags":[],"class_list":{"0":"post-82914","1":"post","2":"type-post","3":"status-publish","4":"format-standard","5":"has-post-thumbnail","7":"category-aktualitet","8":"category-lajme","9":"category-vendi"},"_links":{"self":[{"href":"https:\/\/zjarr.tv\/en\/wp-json\/wp\/v2\/posts\/82914","targetHints":{"allow":["GET"]}}],"collection":[{"href":"https:\/\/zjarr.tv\/en\/wp-json\/wp\/v2\/posts"}],"about":[{"href":"https:\/\/zjarr.tv\/en\/wp-json\/wp\/v2\/types\/post"}],"author":[{"embeddable":true,"href":"https:\/\/zjarr.tv\/en\/wp-json\/wp\/v2\/users\/4"}],"replies":[{"embeddable":true,"href":"https:\/\/zjarr.tv\/en\/wp-json\/wp\/v2\/comments?post=82914"}],"version-history":[{"count":0,"href":"https:\/\/zjarr.tv\/en\/wp-json\/wp\/v2\/posts\/82914\/revisions"}],"wp:featuredmedia":[{"embeddable":true,"href":"https:\/\/zjarr.tv\/en\/wp-json\/wp\/v2\/media\/82915"}],"wp:attachment":[{"href":"https:\/\/zjarr.tv\/en\/wp-json\/wp\/v2\/media?parent=82914"}],"wp:term":[{"taxonomy":"category","embeddable":true,"href":"https:\/\/zjarr.tv\/en\/wp-json\/wp\/v2\/categories?post=82914"},{"taxonomy":"post_tag","embeddable":true,"href":"https:\/\/zjarr.tv\/en\/wp-json\/wp\/v2\/tags?post=82914"}],"curies":[{"name":"wp","href":"https:\/\/api.w.org\/{rel}","templated":true}]}}