{"id":82917,"date":"2019-05-08T12:22:04","date_gmt":"2019-05-08T10:22:04","guid":{"rendered":"https:\/\/zjarr.tv\/?p=82917"},"modified":"2019-05-08T12:22:04","modified_gmt":"2019-05-08T10:22:04","slug":"thaci-vucic-dhe-rama-kane-diskutuar-per-shkembim-territori","status":"publish","type":"post","link":"https:\/\/zjarr.tv\/en\/thaci-vucic-dhe-rama-kane-diskutuar-per-shkembim-territori\/","title":{"rendered":"\u201cTha\u00e7i, Vu\u00e7i\u00e7 dhe Rama kan\u00eb diskutuar p\u00ebr shk\u00ebmbim territori\u201d"},"content":{"rendered":"<p>Kryeministri Ramush Haradinaj duke folur p\u00ebr marr\u00ebveshjen p\u00ebrfundimtare me Serbin\u00eb, tha se ekziston nj\u00eb dyshim i bazuar q\u00eb Presidenti Hashim Tha\u00e7i, kryeministri i Shqip\u00ebris\u00eb Edi Rama dhe presidenti serb Aleksand\u00ebr Vuqiq kan\u00eb biseduar p\u00ebr shk\u00ebmbim t\u00eb territoreve se bashku raporton \u201cZeri.info\u201d.<\/p>\n<p>\u201cEkziston nj\u00eb dyshim i bazuar, se Presidenti Hashim Tha\u00e7i, kryeministri i Shqip\u00ebris\u00eb Edi Rama dhe presidenti serb Aleksand\u00ebr Vu\u00e7i\u00e7 kan\u00eb biseduar p\u00ebr shk\u00ebmbim t\u00eb territoreve se bashku n\u00ebn udh\u00ebheqjen e P\u00ebrfaq\u00ebsueses s\u00eb lart\u00eb, Frederica Mogherini. Ekziston ky dyshim pavar\u00ebsisht se un\u00eb nuk mund ta konfirmoj\u201d, citohet t\u00eb ket\u00eb th\u00ebn\u00eb Haradinaj.<\/p>\n<p>Meqen\u00ebse kjo ide \u00ebsht\u00eb tashm\u00eb e vdekur sipas kryeministrit Haradinaj, nj\u00eb gj\u00eb e till\u00eb vet\u00ebm ka humbur koh\u00ebn e tre lider\u00ebve t\u00eb lart\u00ebp\u00ebrmendur<\/p>","protected":false},"excerpt":{"rendered":"<p>Kryeministri Ramush Haradinaj duke folur p\u00ebr marr\u00ebveshjen p\u00ebrfundimtare me Serbin\u00eb, tha se ekziston nj\u00eb dyshim i bazuar q\u00eb Presidenti Hashim Tha\u00e7i, kryeministri i Shqip\u00ebris\u00eb Edi Rama dhe presidenti serb Aleksand\u00ebr Vuqiq kan\u00eb biseduar p\u00ebr shk\u00ebmbim t\u00eb territoreve se bashku raporton \u201cZeri.info\u201d. \u201cEkziston nj\u00eb dyshim i bazuar, se Presidenti Hashim Tha\u00e7i, kryeministri i Shqip\u00ebris\u00eb Edi Rama [&hellip;]<\/p>\n","protected":false},"author":4,"featured_media":82918,"comment_status":"open","ping_status":"closed","sticky":false,"template":"","format":"standard","meta":{"footnotes":""},"categories":[241,231,2,235],"tags":[],"class_list":{"0":"post-82917","1":"post","2":"type-post","3":"status-publish","4":"format-standard","5":"has-post-thumbnail","7":"category-aktualitet","8":"category-lajme","9":"category-rajoni","10":"category-vendi"},"_links":{"self":[{"href":"https:\/\/zjarr.tv\/en\/wp-json\/wp\/v2\/posts\/82917","targetHints":{"allow":["GET"]}}],"collection":[{"href":"https:\/\/zjarr.tv\/en\/wp-json\/wp\/v2\/posts"}],"about":[{"href":"https:\/\/zjarr.tv\/en\/wp-json\/wp\/v2\/types\/post"}],"author":[{"embeddable":true,"href":"https:\/\/zjarr.tv\/en\/wp-json\/wp\/v2\/users\/4"}],"replies":[{"embeddable":true,"href":"https:\/\/zjarr.tv\/en\/wp-json\/wp\/v2\/comments?post=82917"}],"version-history":[{"count":0,"href":"https:\/\/zjarr.tv\/en\/wp-json\/wp\/v2\/posts\/82917\/revisions"}],"wp:featuredmedia":[{"embeddable":true,"href":"https:\/\/zjarr.tv\/en\/wp-json\/wp\/v2\/media\/82918"}],"wp:attachment":[{"href":"https:\/\/zjarr.tv\/en\/wp-json\/wp\/v2\/media?parent=82917"}],"wp:term":[{"taxonomy":"category","embeddable":true,"href":"https:\/\/zjarr.tv\/en\/wp-json\/wp\/v2\/categories?post=82917"},{"taxonomy":"post_tag","embeddable":true,"href":"https:\/\/zjarr.tv\/en\/wp-json\/wp\/v2\/tags?post=82917"}],"curies":[{"name":"wp","href":"https:\/\/api.w.org\/{rel}","templated":true}]}}