{"id":82923,"date":"2019-05-08T13:14:55","date_gmt":"2019-05-08T11:14:55","guid":{"rendered":"https:\/\/zjarr.tv\/?p=82923"},"modified":"2019-05-08T13:14:55","modified_gmt":"2019-05-08T11:14:55","slug":"u-arrestuan-si-pjese-e-grupit-bajri-gjykata-i-liron-nuk-ka-prova","status":"publish","type":"post","link":"https:\/\/zjarr.tv\/en\/u-arrestuan-si-pjese-e-grupit-bajri-gjykata-i-liron-nuk-ka-prova\/","title":{"rendered":"U arrestuan si pjes\u00eb e grupit \u201cBajri\u201d gjykata i liron: Nuk ka prova"},"content":{"rendered":"<p>Gjykata e Tiran\u00ebs ndryshon mas\u00ebn e siguris\u00eb p\u00ebr Klaudio Hoxhalliun, i arrestuar n\u00eb kuad\u00ebr t\u00eb operacionit t\u00eb koduar &#8220;Oaz&#8221; ku u prangosen 11 persona si pjes\u00eb e grupit &#8220;Bajri&#8221;<\/p>\n<p>Nga arrest me burg ndaj tij u dha masa e siguris\u00eb \u201carrest sht\u00ebpie\u201d.<\/p>\n<p>Po e nj\u00ebjta mas\u00eb \u00ebsht\u00eb marr\u00eb edhe p\u00ebr Denis Brajovi\u00e7 i arrestuar pak koh\u00eb m\u00eb par\u00eb po si pjes\u00eb e grupit t\u00eb rreziksh\u00ebm \u201cBajri\u201d.<\/p>\n<p>Gjykata ka dal\u00eb n\u00eb konkluzionin se p\u00ebr ta nuk provohet akuza p\u00ebr \u2018P\u00ebrkrahje t\u00eb autorit\u2019 si dhe nuk u provua se kan\u00eb qen\u00eb t\u00eb p\u00ebrfshir\u00eb n\u00eb veprimtari kriminale.<\/p>\n<p>Kujtojm\u00eb se Hoxhalliu ishte pronari i ambientit ku u arrestua Safet Bajri, i konsideruar si nj\u00eb nga njer\u00ebzit kryesor\u00eb t\u00eb grupit.<\/p>\n<p><strong>Ngjarja<\/strong><\/p>\n<p>Policia e Shtetit, n\u00eb bashk\u00ebpunim me Prokurorin\u00eb e Krimeve t\u00eb R\u00ebnda, godit\u00ebn n\u00eb nj\u00eb operacion grupin e Safet Bajrit, i njohur ndryshe si \u201ci forti\u201d i Shkodr\u00ebs.<\/p>\n<p>Operacioni i koduar \u201cOaz\u201d erdhi pas gjasht\u00eb muajsh hetime intensive n\u00eb Shqip\u00ebri dhe Holand\u00eb ku fshiheshin dhe vepronin an\u00ebtar\u00ebt e grupit. Koka e tij, Safet Bajri, (Rustemi) u arrestua n\u00eb Tiran\u00eb, teksa ishte duke luajtur bilardo n\u00eb zon\u00ebn e \u201cXhamllikut\u201d. Bajri ishte i armatosur, por n\u00eb momentin e arrestimit \u00ebsht\u00eb z\u00ebn\u00eb n\u00eb befasi, duke hedhur pistoletat n\u00eb dysheme.<\/p>\n<p>P\u00ebrve\u00e7 Tiran\u00ebs, operacioni \u00ebsht\u00eb shtrir\u00eb edhe n\u00eb Shkod\u00ebr dhe Roterdam, ku jan\u00eb arrestuar persona t\u00eb tjer\u00eb. T\u00eb arrestuarit jan\u00eb: Safet Bajri; Behar Bajri, i kapur n\u00eb Roterdam; Samet Halluni, i kapur n\u00eb Roterdam; Ilir Rustemi, i arrestuar n\u00eb operacionin e Shkodr\u00ebs m\u00eb 6 shtator; Emrah Plaku, i arrestuar n\u00eb Shkod\u00ebr m\u00eb 6 shtator;<\/p>\n<p>Astmer Bilai, i arrestuar n\u00eb Shkod\u00ebr m\u00eb 6 shtator; Armir Grimaj, i arrestuar n\u00eb Shkod\u00ebr; Ismet Idrizi, i arrestuar n\u00eb Shkod\u00ebr; Fabiol Rexhepi, i arrestuar n\u00eb Shkod\u00ebr; Denis Brajovi\u00e7 ,i arrestuar n\u00eb Tiran\u00eb dhe Klaudio Hoxhalliu, i arrestuar n\u00eb Tiran\u00eb.<\/p>","protected":false},"excerpt":{"rendered":"<p>Gjykata e Tiran\u00ebs ndryshon mas\u00ebn e siguris\u00eb p\u00ebr Klaudio Hoxhalliun, i arrestuar n\u00eb kuad\u00ebr t\u00eb operacionit t\u00eb koduar &#8220;Oaz&#8221; ku u prangosen 11 persona si pjes\u00eb e grupit &#8220;Bajri&#8221; Nga arrest me burg ndaj tij u dha masa e siguris\u00eb \u201carrest sht\u00ebpie\u201d. Po e nj\u00ebjta mas\u00eb \u00ebsht\u00eb marr\u00eb edhe p\u00ebr Denis Brajovi\u00e7 i arrestuar pak [&hellip;]<\/p>\n","protected":false},"author":4,"featured_media":82924,"comment_status":"open","ping_status":"closed","sticky":false,"template":"","format":"standard","meta":{"footnotes":""},"categories":[241,231,235],"tags":[],"class_list":{"0":"post-82923","1":"post","2":"type-post","3":"status-publish","4":"format-standard","5":"has-post-thumbnail","7":"category-aktualitet","8":"category-lajme","9":"category-vendi"},"_links":{"self":[{"href":"https:\/\/zjarr.tv\/en\/wp-json\/wp\/v2\/posts\/82923","targetHints":{"allow":["GET"]}}],"collection":[{"href":"https:\/\/zjarr.tv\/en\/wp-json\/wp\/v2\/posts"}],"about":[{"href":"https:\/\/zjarr.tv\/en\/wp-json\/wp\/v2\/types\/post"}],"author":[{"embeddable":true,"href":"https:\/\/zjarr.tv\/en\/wp-json\/wp\/v2\/users\/4"}],"replies":[{"embeddable":true,"href":"https:\/\/zjarr.tv\/en\/wp-json\/wp\/v2\/comments?post=82923"}],"version-history":[{"count":0,"href":"https:\/\/zjarr.tv\/en\/wp-json\/wp\/v2\/posts\/82923\/revisions"}],"wp:featuredmedia":[{"embeddable":true,"href":"https:\/\/zjarr.tv\/en\/wp-json\/wp\/v2\/media\/82924"}],"wp:attachment":[{"href":"https:\/\/zjarr.tv\/en\/wp-json\/wp\/v2\/media?parent=82923"}],"wp:term":[{"taxonomy":"category","embeddable":true,"href":"https:\/\/zjarr.tv\/en\/wp-json\/wp\/v2\/categories?post=82923"},{"taxonomy":"post_tag","embeddable":true,"href":"https:\/\/zjarr.tv\/en\/wp-json\/wp\/v2\/tags?post=82923"}],"curies":[{"name":"wp","href":"https:\/\/api.w.org\/{rel}","templated":true}]}}