{"id":83590,"date":"2019-05-12T12:38:15","date_gmt":"2019-05-12T10:38:15","guid":{"rendered":"https:\/\/zjarr.tv\/?p=83590"},"modified":"2019-05-12T12:38:15","modified_gmt":"2019-05-12T10:38:15","slug":"proteste-te-policia-e-tiranes-gruaja-e-bashes-me-qytetaret","status":"publish","type":"post","link":"https:\/\/zjarr.tv\/en\/proteste-te-policia-e-tiranes-gruaja-e-bashes-me-qytetaret\/","title":{"rendered":"Protest\u00eb te Policia e Tiran\u00ebs, gruaja e Bash\u00ebs me qytetar\u00ebt"},"content":{"rendered":"<p>Ashtu si\u00e7 kishte paralajm\u00ebruar, opozita e bashkuar n\u00eb k\u00ebto momente \u00ebsht\u00eb mbledhur p\u00ebr t\u00eb protestuar tek Drejtoria e Policis\u00eb s\u00eb Tiran\u00ebs duke d\u00ebnuar aktin e dhunimit t\u00eb qytetar\u00ebve dhe t\u00eb sekretarit organizativ, Sahit Dollapit.<\/p>\n<p>P\u00ebrfaq\u00ebsues t\u00eb ndrysh\u00ebm t\u00eb selis\u00eb blu po q\u00ebndrojn\u00eb n\u00eb krah t\u00eb qytetar\u00ebve, nd\u00ebrsa n\u00eb mesin e tyre\u00a0 \u00ebsht\u00eb edhe gruaja e liderit demokrat, Aurela Basha. Gjithashtu edhe dit\u00ebn e djeshme, bashk\u00ebshortja e Lulzim Bash\u00ebs ka qendruar n\u00eb protest\u00eb te drejtoria, ku nuk munguan as p\u00ebrplasjet mes policis\u00eb dhe qytetar\u00ebve.<\/p>\n<p>&nbsp;<\/p>","protected":false},"excerpt":{"rendered":"<p>Ashtu si\u00e7 kishte paralajm\u00ebruar, opozita e bashkuar n\u00eb k\u00ebto momente \u00ebsht\u00eb mbledhur p\u00ebr t\u00eb protestuar tek Drejtoria e Policis\u00eb s\u00eb Tiran\u00ebs duke d\u00ebnuar aktin e dhunimit t\u00eb qytetar\u00ebve dhe t\u00eb sekretarit organizativ, Sahit Dollapit. P\u00ebrfaq\u00ebsues t\u00eb ndrysh\u00ebm t\u00eb selis\u00eb blu po q\u00ebndrojn\u00eb n\u00eb krah t\u00eb qytetar\u00ebve, nd\u00ebrsa n\u00eb mesin e tyre\u00a0 \u00ebsht\u00eb edhe gruaja e [&hellip;]<\/p>\n","protected":false},"author":2013,"featured_media":83591,"comment_status":"open","ping_status":"closed","sticky":false,"template":"","format":"standard","meta":{"footnotes":""},"categories":[241,235],"tags":[],"class_list":{"0":"post-83590","1":"post","2":"type-post","3":"status-publish","4":"format-standard","5":"has-post-thumbnail","7":"category-aktualitet","8":"category-vendi"},"_links":{"self":[{"href":"https:\/\/zjarr.tv\/en\/wp-json\/wp\/v2\/posts\/83590","targetHints":{"allow":["GET"]}}],"collection":[{"href":"https:\/\/zjarr.tv\/en\/wp-json\/wp\/v2\/posts"}],"about":[{"href":"https:\/\/zjarr.tv\/en\/wp-json\/wp\/v2\/types\/post"}],"author":[{"embeddable":true,"href":"https:\/\/zjarr.tv\/en\/wp-json\/wp\/v2\/users\/2013"}],"replies":[{"embeddable":true,"href":"https:\/\/zjarr.tv\/en\/wp-json\/wp\/v2\/comments?post=83590"}],"version-history":[{"count":0,"href":"https:\/\/zjarr.tv\/en\/wp-json\/wp\/v2\/posts\/83590\/revisions"}],"wp:featuredmedia":[{"embeddable":true,"href":"https:\/\/zjarr.tv\/en\/wp-json\/wp\/v2\/media\/83591"}],"wp:attachment":[{"href":"https:\/\/zjarr.tv\/en\/wp-json\/wp\/v2\/media?parent=83590"}],"wp:term":[{"taxonomy":"category","embeddable":true,"href":"https:\/\/zjarr.tv\/en\/wp-json\/wp\/v2\/categories?post=83590"},{"taxonomy":"post_tag","embeddable":true,"href":"https:\/\/zjarr.tv\/en\/wp-json\/wp\/v2\/tags?post=83590"}],"curies":[{"name":"wp","href":"https:\/\/api.w.org\/{rel}","templated":true}]}}