{"id":83593,"date":"2019-05-12T12:40:21","date_gmt":"2019-05-12T10:40:21","guid":{"rendered":"https:\/\/zjarr.tv\/?p=83593"},"modified":"2019-05-12T12:40:21","modified_gmt":"2019-05-12T10:40:21","slug":"nje-dite-pas-protestes-reagon-berisha-jehone-ne-bote","status":"publish","type":"post","link":"https:\/\/zjarr.tv\/en\/nje-dite-pas-protestes-reagon-berisha-jehone-ne-bote\/","title":{"rendered":"Nj\u00eb dit\u00eb pas protest\u00ebs reagon Berisha: Jehon\u00eb n\u00eb bot\u00eb"},"content":{"rendered":"<p>Ish-kryeministri Sali Berisha, nj\u00eb dit\u00eb pas protest\u00ebs s\u00eb opozit\u00ebs s\u00eb bashkuar, shprehet se demonstrata ishte nj\u00eb cunam i jasht\u00ebzakonsh\u00ebm i fuqis\u00eb s\u00eb popullit. erisha shprehet se mediat m\u00eb t\u00eb r\u00ebnd\u00ebsishme globale i dhan\u00eb z\u00eb k\u00ebsaj proteste opozitare.<\/p>\n<p><strong>Statusi i Berish\u00ebs:<\/strong><\/p>\n<p>Jehone e jasht\u00ebzakonshme e Cunamit q\u00eb plagosi p\u00ebr vdekje kryehorrin e vendit dhe narko-horrat e tij.<\/p>\n<p>BBC Bota jep pamje t\u00eb heroizmit t\u00eb pashoq t\u00eb kryengrit\u00ebsve n\u00eb sulmin kund\u00ebr zyrave t\u00eb Edvinit!<\/p>\n<p>Nderim kryengrit\u00ebsve, guximi dhe heroizmi i t\u00eb cil\u00ebve mahniti bot\u00ebn! Rama Ik! Fitore! sb<\/p>\n<p><a href=\"https:\/\/www.bbc.com\/%E2%80%A6\/albania-protests-petrol-bombs-hurled-%E2%80%A6\">https:\/\/www.bbc.com\/\u2026\/albania-protests-petrol-bombs-hurled-\u2026<\/a><\/p>\n<p>Albania protests: Petrol bombs hurled at PM\u2019s office<\/p>\n<p>Thousands of Albanians have been protesting against Prime Minister Edi Rama, \u00ebith some thro\u00ebing petrol bombs at his office.<\/p>\n<p>For the last three months, there have been anti-government demonstrations in Albania. Mr Rama faces allegations of electoral fraud and corruption.<\/p>\n<p>Opposition leader Lulzim Basha urged cro\u00ebds to continue protests until Mr Rama steps do\u00ebn from power.<\/p>\n<p>&nbsp;<\/p>\n<p>&nbsp;<\/p>","protected":false},"excerpt":{"rendered":"<p>Ish-kryeministri Sali Berisha, nj\u00eb dit\u00eb pas protest\u00ebs s\u00eb opozit\u00ebs s\u00eb bashkuar, shprehet se demonstrata ishte nj\u00eb cunam i jasht\u00ebzakonsh\u00ebm i fuqis\u00eb s\u00eb popullit. erisha shprehet se mediat m\u00eb t\u00eb r\u00ebnd\u00ebsishme globale i dhan\u00eb z\u00eb k\u00ebsaj proteste opozitare. Statusi i Berish\u00ebs: Jehone e jasht\u00ebzakonshme e Cunamit q\u00eb plagosi p\u00ebr vdekje kryehorrin e vendit dhe narko-horrat e [&hellip;]<\/p>\n","protected":false},"author":2013,"featured_media":58532,"comment_status":"open","ping_status":"closed","sticky":false,"template":"","format":"standard","meta":{"footnotes":""},"categories":[241,235],"tags":[],"class_list":{"0":"post-83593","1":"post","2":"type-post","3":"status-publish","4":"format-standard","5":"has-post-thumbnail","7":"category-aktualitet","8":"category-vendi"},"_links":{"self":[{"href":"https:\/\/zjarr.tv\/en\/wp-json\/wp\/v2\/posts\/83593","targetHints":{"allow":["GET"]}}],"collection":[{"href":"https:\/\/zjarr.tv\/en\/wp-json\/wp\/v2\/posts"}],"about":[{"href":"https:\/\/zjarr.tv\/en\/wp-json\/wp\/v2\/types\/post"}],"author":[{"embeddable":true,"href":"https:\/\/zjarr.tv\/en\/wp-json\/wp\/v2\/users\/2013"}],"replies":[{"embeddable":true,"href":"https:\/\/zjarr.tv\/en\/wp-json\/wp\/v2\/comments?post=83593"}],"version-history":[{"count":0,"href":"https:\/\/zjarr.tv\/en\/wp-json\/wp\/v2\/posts\/83593\/revisions"}],"wp:featuredmedia":[{"embeddable":true,"href":"https:\/\/zjarr.tv\/en\/wp-json\/wp\/v2\/media\/58532"}],"wp:attachment":[{"href":"https:\/\/zjarr.tv\/en\/wp-json\/wp\/v2\/media?parent=83593"}],"wp:term":[{"taxonomy":"category","embeddable":true,"href":"https:\/\/zjarr.tv\/en\/wp-json\/wp\/v2\/categories?post=83593"},{"taxonomy":"post_tag","embeddable":true,"href":"https:\/\/zjarr.tv\/en\/wp-json\/wp\/v2\/tags?post=83593"}],"curies":[{"name":"wp","href":"https:\/\/api.w.org\/{rel}","templated":true}]}}