{"id":83595,"date":"2019-05-12T12:44:47","date_gmt":"2019-05-12T10:44:47","guid":{"rendered":"https:\/\/zjarr.tv\/?p=83595"},"modified":"2019-05-12T12:44:47","modified_gmt":"2019-05-12T10:44:47","slug":"balla-nis-zyrtarizimin-e-kandidateve-te-ps-per-kryetar-bashkie","status":"publish","type":"post","link":"https:\/\/zjarr.tv\/en\/balla-nis-zyrtarizimin-e-kandidateve-te-ps-per-kryetar-bashkie\/","title":{"rendered":"Balla nis zyrtarizimin e kandidat\u00ebve t\u00eb PS p\u00ebr kryetar Bashkie"},"content":{"rendered":"<p>Kryetari i grupit parlamentar t\u00eb Partis\u00eb Socialiste, Taulant Balla ka nisur prezantimin e kandidat\u00ebve zyrtar\u00eb p\u00ebr kryetar bashkie.<br \/>\nN\u00eb Belsh \u00ebsht\u00eb rikonfirmuar Arif Tafani.<br \/>\nTafani: P\u00ebrgjegj\u00ebsi t\u00eb rikandidoj. P\u00ebr 4 vite ne kemi sh\u00ebnd\u00ebrruar Belshin duke e kthyer n\u00eb nj\u00eb nd\u00ebr qytetet m\u00eb t\u00eb bukura n\u00eb Shqip\u00ebri.<br \/>\nN\u00eb C\u00ebrrik \u00ebsht\u00eb zyrtarizuar kandidat p\u00ebr kryetar Bashkie Andis Salla.<br \/>\nSalla: Tregoj angazhimin ti kthej C\u00ebrrikut at\u00eb q\u00eb i mungon.<br \/>\nN\u00eb qytetin e Gramshit zyrtarizohet Klodian Ta\u00e7e.<br \/>\nTa\u00e7e: T\u00eb vazhdojm\u00eb pun\u00ebt e mira t\u00eb nisura nga Luljeta Dollani.<br \/>\nN\u00eb Librazhd rikonfirmohet Kastriot Gurra.<br \/>\nGurra: Jemi t\u00eb vendosur t\u00eb ballafaqohemi me njer\u00ebzit p\u00ebr ato q\u00eb kemi b\u00ebr\u00eb dhe q\u00eb nuk kemi realizuar ende. Me 30 qershor e fitojm\u00eb s\u00ebrisht Librazhdin.<br \/>\nIsh-kryetari Qazim Sejdini Sejdini p\u00ebrsh\u00ebndeti zyrtarizimin e Llatjas n\u00eb Elbasan. Ai u shpreh i bindur se do ta \u00e7oj p\u00ebrpara pun\u00ebn e b\u00ebr\u00eb deri m\u00eb tani.<br \/>\nKandidati p\u00ebr Bashkin\u00eb e Peqinit nuk \u00ebsht\u00eb zyrtarizuar ende.<br \/>\nBalla \u00ebsht\u00eb shprehur se jan\u00eb 4 kandidat\u00eb dhe brenda afatit do t\u00eb vendoset emri i kandidatit.<\/p>","protected":false},"excerpt":{"rendered":"<p>Kryetari i grupit parlamentar t\u00eb Partis\u00eb Socialiste, Taulant Balla ka nisur prezantimin e kandidat\u00ebve zyrtar\u00eb p\u00ebr kryetar bashkie. N\u00eb Belsh \u00ebsht\u00eb rikonfirmuar Arif Tafani. Tafani: P\u00ebrgjegj\u00ebsi t\u00eb rikandidoj. P\u00ebr 4 vite ne kemi sh\u00ebnd\u00ebrruar Belshin duke e kthyer n\u00eb nj\u00eb nd\u00ebr qytetet m\u00eb t\u00eb bukura n\u00eb Shqip\u00ebri. N\u00eb C\u00ebrrik \u00ebsht\u00eb zyrtarizuar kandidat p\u00ebr kryetar Bashkie [&hellip;]<\/p>\n","protected":false},"author":2013,"featured_media":61043,"comment_status":"open","ping_status":"closed","sticky":false,"template":"","format":"standard","meta":{"footnotes":""},"categories":[241,235],"tags":[],"class_list":{"0":"post-83595","1":"post","2":"type-post","3":"status-publish","4":"format-standard","5":"has-post-thumbnail","7":"category-aktualitet","8":"category-vendi"},"_links":{"self":[{"href":"https:\/\/zjarr.tv\/en\/wp-json\/wp\/v2\/posts\/83595","targetHints":{"allow":["GET"]}}],"collection":[{"href":"https:\/\/zjarr.tv\/en\/wp-json\/wp\/v2\/posts"}],"about":[{"href":"https:\/\/zjarr.tv\/en\/wp-json\/wp\/v2\/types\/post"}],"author":[{"embeddable":true,"href":"https:\/\/zjarr.tv\/en\/wp-json\/wp\/v2\/users\/2013"}],"replies":[{"embeddable":true,"href":"https:\/\/zjarr.tv\/en\/wp-json\/wp\/v2\/comments?post=83595"}],"version-history":[{"count":0,"href":"https:\/\/zjarr.tv\/en\/wp-json\/wp\/v2\/posts\/83595\/revisions"}],"wp:featuredmedia":[{"embeddable":true,"href":"https:\/\/zjarr.tv\/en\/wp-json\/wp\/v2\/media\/61043"}],"wp:attachment":[{"href":"https:\/\/zjarr.tv\/en\/wp-json\/wp\/v2\/media?parent=83595"}],"wp:term":[{"taxonomy":"category","embeddable":true,"href":"https:\/\/zjarr.tv\/en\/wp-json\/wp\/v2\/categories?post=83595"},{"taxonomy":"post_tag","embeddable":true,"href":"https:\/\/zjarr.tv\/en\/wp-json\/wp\/v2\/tags?post=83595"}],"curies":[{"name":"wp","href":"https:\/\/api.w.org\/{rel}","templated":true}]}}