{"id":83597,"date":"2019-05-12T12:49:49","date_gmt":"2019-05-12T10:49:49","guid":{"rendered":"https:\/\/zjarr.tv\/?p=83597"},"modified":"2019-05-12T12:49:49","modified_gmt":"2019-05-12T10:49:49","slug":"basha-viziton-dollapin-ka-kaluar-nje-nate-pa-gjume-per-shkak-te-demtimeve","status":"publish","type":"post","link":"https:\/\/zjarr.tv\/en\/basha-viziton-dollapin-ka-kaluar-nje-nate-pa-gjume-per-shkak-te-demtimeve\/","title":{"rendered":"Basha viziton Dollapin: Ka kaluar nj\u00eb nat\u00eb pa gjum\u00eb p\u00ebr shkak t\u00eb d\u00ebmtimeve"},"content":{"rendered":"<p>Kryetari i Partis\u00eb Demokratike, Lulzim Basha ka vizituar sekretarin organizativ t\u00eb PD-s\u00eb, Sahit Dollapi n\u00eb ambientet e spitalit ushtarak t\u00eb Traum\u00ebs.<\/p>\n<p>Basha: Mjek\u00ebt po e mbajn\u00eb n\u00ebn kontroll. Ka kaluar nj\u00eb nat\u00eb pa gjum p\u00ebr shkak t\u00eb d\u00ebmtimeve t\u00eb marra.<\/p>\n<p>Dollapi ka p\u00ebsuar nj\u00eb l\u00ebndim n\u00eb pjes\u00ebn e shpatull\u00ebs, q\u00eb e ka l\u00ebnduar dje gjat\u00eb rr\u00ebzimit kur tentoi t i largohej policis\u00eb. Ai \u00ebsht\u00eb mbajtur rreth dy or\u00eb n\u00eb Polici dhe m\u00eb pas \u00ebsht\u00eb d\u00ebrguar n\u00eb spital.<\/p>\n<p>&nbsp;<\/p>","protected":false},"excerpt":{"rendered":"<p>Kryetari i Partis\u00eb Demokratike, Lulzim Basha ka vizituar sekretarin organizativ t\u00eb PD-s\u00eb, Sahit Dollapi n\u00eb ambientet e spitalit ushtarak t\u00eb Traum\u00ebs. Basha: Mjek\u00ebt po e mbajn\u00eb n\u00ebn kontroll. Ka kaluar nj\u00eb nat\u00eb pa gjum p\u00ebr shkak t\u00eb d\u00ebmtimeve t\u00eb marra. Dollapi ka p\u00ebsuar nj\u00eb l\u00ebndim n\u00eb pjes\u00ebn e shpatull\u00ebs, q\u00eb e ka l\u00ebnduar dje gjat\u00eb [&hellip;]<\/p>\n","protected":false},"author":2013,"featured_media":72265,"comment_status":"open","ping_status":"closed","sticky":false,"template":"","format":"standard","meta":{"footnotes":""},"categories":[241,235],"tags":[],"class_list":{"0":"post-83597","1":"post","2":"type-post","3":"status-publish","4":"format-standard","5":"has-post-thumbnail","7":"category-aktualitet","8":"category-vendi"},"_links":{"self":[{"href":"https:\/\/zjarr.tv\/en\/wp-json\/wp\/v2\/posts\/83597","targetHints":{"allow":["GET"]}}],"collection":[{"href":"https:\/\/zjarr.tv\/en\/wp-json\/wp\/v2\/posts"}],"about":[{"href":"https:\/\/zjarr.tv\/en\/wp-json\/wp\/v2\/types\/post"}],"author":[{"embeddable":true,"href":"https:\/\/zjarr.tv\/en\/wp-json\/wp\/v2\/users\/2013"}],"replies":[{"embeddable":true,"href":"https:\/\/zjarr.tv\/en\/wp-json\/wp\/v2\/comments?post=83597"}],"version-history":[{"count":0,"href":"https:\/\/zjarr.tv\/en\/wp-json\/wp\/v2\/posts\/83597\/revisions"}],"wp:featuredmedia":[{"embeddable":true,"href":"https:\/\/zjarr.tv\/en\/wp-json\/wp\/v2\/media\/72265"}],"wp:attachment":[{"href":"https:\/\/zjarr.tv\/en\/wp-json\/wp\/v2\/media?parent=83597"}],"wp:term":[{"taxonomy":"category","embeddable":true,"href":"https:\/\/zjarr.tv\/en\/wp-json\/wp\/v2\/categories?post=83597"},{"taxonomy":"post_tag","embeddable":true,"href":"https:\/\/zjarr.tv\/en\/wp-json\/wp\/v2\/tags?post=83597"}],"curies":[{"name":"wp","href":"https:\/\/api.w.org\/{rel}","templated":true}]}}