{"id":83607,"date":"2019-05-12T13:01:51","date_gmt":"2019-05-12T11:01:51","guid":{"rendered":"https:\/\/zjarr.tv\/?p=83607"},"modified":"2019-05-12T13:01:51","modified_gmt":"2019-05-12T11:01:51","slug":"portale-policore-dylgjeri-mbajini-mend-o-njerez-java-news-quhet","status":"publish","type":"post","link":"https:\/\/zjarr.tv\/en\/portale-policore-dylgjeri-mbajini-mend-o-njerez-java-news-quhet\/","title":{"rendered":"\u2018Portale policore\u2019, Dylgjeri: Mbajini mend o njer\u00ebz, JAVA NEWS quhet&#8230;."},"content":{"rendered":"<p>Ylli Dylgjeri ka reaguar pas publikimikt n\u00eb disa media t\u00eb njoftimeve se do t\u00eb arrestohen protestues t\u00eb tjer\u00eb.<\/p>\n<p>\u201cKeni d\u00ebgjuar p\u00ebr Portale Policore q\u00eb njoftojn\u00eb se sa qytetare do t\u00eb arrestohen n\u00eb protest\u00eb\u201d?, shkruan Dylgeri duke ju referuar Portalit Java dhe nj\u00eb shkrimi t\u00eb publikur n\u00eb k\u00ebt\u00eb medie.<\/p>\n<p><strong>Ja Postimi i plot\u00eb i Dylgjerit n\u00eb facebook:<\/strong><\/p>\n<p>&#8220;Portale policore&#8221;<\/p>\n<p>Keni d\u00ebgjuar p\u00ebr Portale Policore q\u00eb njoftojn\u00eb se sa qytetare do t\u00eb arrestohen n\u00eb protest\u00eb?<\/p>\n<p>Ja shiheni. Portali Java \u00ebsht\u00eb avanguarda e policis\u00eb q\u00eb nuk ka marr\u00eb detyr\u00ebn t\u00eb njoftoj\u00eb p\u00ebr arrestimet, por e b\u00ebn vullnetarisht.<br \/>\nKoh\u00eb arrestimesh. Koh\u00eb bashk\u00ebpuntor\u00ebsh. Por k\u00ebt\u00eb her\u00eb pa pseudonime e t\u00eb hapur n\u00eb publik.<br \/>\n&#8220;80 n\u00eb pranga, priten t\u00eb arrestohen edhe 50 t\u00eb tjer\u00eb&#8221;!- njofton.<br \/>\nBravo!<br \/>\nMbajini m\u00ebnd o njer\u00ebz. JAVA NEWS quhet.<\/p>\n<p>&nbsp;<\/p>","protected":false},"excerpt":{"rendered":"<p>Ylli Dylgjeri ka reaguar pas publikimikt n\u00eb disa media t\u00eb njoftimeve se do t\u00eb arrestohen protestues t\u00eb tjer\u00eb. \u201cKeni d\u00ebgjuar p\u00ebr Portale Policore q\u00eb njoftojn\u00eb se sa qytetare do t\u00eb arrestohen n\u00eb protest\u00eb\u201d?, shkruan Dylgeri duke ju referuar Portalit Java dhe nj\u00eb shkrimi t\u00eb publikur n\u00eb k\u00ebt\u00eb medie. Ja Postimi i plot\u00eb i Dylgjerit n\u00eb [&hellip;]<\/p>\n","protected":false},"author":2013,"featured_media":0,"comment_status":"open","ping_status":"closed","sticky":false,"template":"","format":"standard","meta":{"footnotes":""},"categories":[241,235],"tags":[],"class_list":{"0":"post-83607","1":"post","2":"type-post","3":"status-publish","4":"format-standard","6":"category-aktualitet","7":"category-vendi"},"_links":{"self":[{"href":"https:\/\/zjarr.tv\/en\/wp-json\/wp\/v2\/posts\/83607","targetHints":{"allow":["GET"]}}],"collection":[{"href":"https:\/\/zjarr.tv\/en\/wp-json\/wp\/v2\/posts"}],"about":[{"href":"https:\/\/zjarr.tv\/en\/wp-json\/wp\/v2\/types\/post"}],"author":[{"embeddable":true,"href":"https:\/\/zjarr.tv\/en\/wp-json\/wp\/v2\/users\/2013"}],"replies":[{"embeddable":true,"href":"https:\/\/zjarr.tv\/en\/wp-json\/wp\/v2\/comments?post=83607"}],"version-history":[{"count":0,"href":"https:\/\/zjarr.tv\/en\/wp-json\/wp\/v2\/posts\/83607\/revisions"}],"wp:attachment":[{"href":"https:\/\/zjarr.tv\/en\/wp-json\/wp\/v2\/media?parent=83607"}],"wp:term":[{"taxonomy":"category","embeddable":true,"href":"https:\/\/zjarr.tv\/en\/wp-json\/wp\/v2\/categories?post=83607"},{"taxonomy":"post_tag","embeddable":true,"href":"https:\/\/zjarr.tv\/en\/wp-json\/wp\/v2\/tags?post=83607"}],"curies":[{"name":"wp","href":"https:\/\/api.w.org\/{rel}","templated":true}]}}