{"id":83609,"date":"2019-05-12T13:03:54","date_gmt":"2019-05-12T11:03:54","guid":{"rendered":"https:\/\/zjarr.tv\/?p=83609"},"modified":"2019-05-12T13:03:54","modified_gmt":"2019-05-12T11:03:54","slug":"kapen-hajdutet-e-benzave-ne-fier","status":"publish","type":"post","link":"https:\/\/zjarr.tv\/en\/kapen-hajdutet-e-benzave-ne-fier\/","title":{"rendered":"Kapen hajdut\u00ebt e Benzave n\u00eb Fier"},"content":{"rendered":"<p>Kapen dhe ndalohen 2 shtetas t\u00eb shpallur n\u00eb k\u00ebrkim dhe arrestohen n\u00eb flagranc\u00eb 2 shtetas t\u00eb tjer\u00eb.<\/p>\n<p>Dokumentohet vjedhja e 6 automjeteve tip &#8220;Benz&#8221; n\u00eb qytetin e Fierit.<\/p>\n<p>N\u00eb vijim t\u00eb pun\u00ebs p\u00ebr kapjen e personave t\u00eb shpallur n\u00eb k\u00ebrkim dhe mbajtjes n\u00ebn kontroll t\u00eb personave me precedent kriminal, Specialist\u00ebt p\u00ebr Hetimin e Krimeve n\u00eb Komisariatin e Policis\u00eb Fier b\u00ebn\u00eb arrestimin n\u00eb flagranc\u00eb t\u00eb shtetasit:<\/p>\n<p>A.N, 28 vje\u00e7, banues n\u00eb Vlor\u00eb.<\/p>\n<p>Arrestimi i k\u00ebtij shtetasi u b\u00eb p\u00ebr vepr\u00ebn penale &#8220;P\u00ebrkrahja e autorit t\u00eb krimit&#8221; pasi gjat\u00eb or\u00ebve t\u00eb nat\u00ebs, n\u00eb v\u00ebndin e quajtur \u201cZogu i Zi\u201d, \u00ebsht\u00eb kapur duke drejtuar automjetin tip \u201cVolks\u00ebagen\u201d me t\u00eb cilin po transportonte shtetasin e shpallur n\u00eb k\u00ebrkim:<\/p>\n<p>A.H, 30 vje\u00e7, banues n\u00eb Vlor\u00eb.<\/p>\n<p>Shtetasi A.H ishte shpallur n\u00eb k\u00ebrkim nga Policia Vlor\u00eb pasi Gjykata e Shkall\u00ebs s\u00eb Par\u00eb Vlor\u00eb e ka d\u00ebnuar me 3 vjet e 4 muaj burg p\u00ebr veprat penale &#8220;Kultivim i bim\u00ebve narkotike&#8221; dhe &#8220;Prodhim dhe shitja e narkotik\u00ebve&#8221;.<\/p>\n<p>N\u00eb vijim t\u00eb veprimeve hetimore, u b\u00eb dokumentimi i 6 vjedhjeve n\u00eb qytetin e Fierit, ku autor\u00ebt e dyshuar jan\u00eb shtetasit A.H dhe A.N, pasi n\u00eb bashk\u00ebpunim me nj\u00ebri tjetrin, n\u00eb periudh\u00ebn Janar-Prill 2019 kan\u00eb vjedhur 6 automjete tip &#8220;Benz&#8221;.<\/p>\n<p>Gjithashtu, n\u00eb vijim t\u00eb kontrolleve t\u00eb ushtruara, Specialist\u00ebt p\u00ebr Hetimin e Krimeve n\u00eb Komisariatin e Policis\u00eb Fier, arrestuan n\u00eb flagranc\u00eb shtetasin:<\/p>\n<p>H.M, 32 vje\u00e7, banues n\u00eb Fier.<\/p>\n<p>Arrestimi i k\u00ebtij shtetasi u b\u00eb pasi gjat\u00eb kontrollit n\u00eb mjetin tip \u201cFord\u201d, q\u00eb drejtohej prej tij, u gjet\u00ebn nj\u00eb pal\u00eb pinca metal-prer\u00ebs, nj\u00eb shkop bejzbolli material metalik, nj\u00eb pal\u00eb dorashka dhe nj\u00eb xhup t\u00eb cilat u sekuestruan n\u00eb cil\u00ebsin\u00eb e prov\u00ebs materiale.<\/p>\n<p>Po n\u00eb kuad\u00ebr t\u00eb kontrolleve t\u00eb kryera, u ndalua shtetasi i shpallur n\u00eb k\u00ebrkim p\u00ebr &#8220;Dhun\u00eb n\u00eb familje&#8221;:<\/p>\n<p>E.F, 46 vje\u00e7, banues n\u00eb Fier.<\/p>\n<p>Materialet i kaluan Prokuroris\u00eb pran\u00eb Gjykat\u00ebs s\u00eb Shkall\u00ebs s\u00eb Par\u00eb Fier p\u00ebr veprime t\u00eb m\u00ebtjeshme proceduriale.<\/p>\n<p>&nbsp;<\/p>","protected":false},"excerpt":{"rendered":"<p>Kapen dhe ndalohen 2 shtetas t\u00eb shpallur n\u00eb k\u00ebrkim dhe arrestohen n\u00eb flagranc\u00eb 2 shtetas t\u00eb tjer\u00eb. Dokumentohet vjedhja e 6 automjeteve tip &#8220;Benz&#8221; n\u00eb qytetin e Fierit. N\u00eb vijim t\u00eb pun\u00ebs p\u00ebr kapjen e personave t\u00eb shpallur n\u00eb k\u00ebrkim dhe mbajtjes n\u00ebn kontroll t\u00eb personave me precedent kriminal, Specialist\u00ebt p\u00ebr Hetimin e Krimeve n\u00eb [&hellip;]<\/p>\n","protected":false},"author":2013,"featured_media":32522,"comment_status":"open","ping_status":"closed","sticky":false,"template":"","format":"standard","meta":{"footnotes":""},"categories":[241,235],"tags":[],"class_list":{"0":"post-83609","1":"post","2":"type-post","3":"status-publish","4":"format-standard","5":"has-post-thumbnail","7":"category-aktualitet","8":"category-vendi"},"_links":{"self":[{"href":"https:\/\/zjarr.tv\/en\/wp-json\/wp\/v2\/posts\/83609","targetHints":{"allow":["GET"]}}],"collection":[{"href":"https:\/\/zjarr.tv\/en\/wp-json\/wp\/v2\/posts"}],"about":[{"href":"https:\/\/zjarr.tv\/en\/wp-json\/wp\/v2\/types\/post"}],"author":[{"embeddable":true,"href":"https:\/\/zjarr.tv\/en\/wp-json\/wp\/v2\/users\/2013"}],"replies":[{"embeddable":true,"href":"https:\/\/zjarr.tv\/en\/wp-json\/wp\/v2\/comments?post=83609"}],"version-history":[{"count":0,"href":"https:\/\/zjarr.tv\/en\/wp-json\/wp\/v2\/posts\/83609\/revisions"}],"wp:featuredmedia":[{"embeddable":true,"href":"https:\/\/zjarr.tv\/en\/wp-json\/wp\/v2\/media\/32522"}],"wp:attachment":[{"href":"https:\/\/zjarr.tv\/en\/wp-json\/wp\/v2\/media?parent=83609"}],"wp:term":[{"taxonomy":"category","embeddable":true,"href":"https:\/\/zjarr.tv\/en\/wp-json\/wp\/v2\/categories?post=83609"},{"taxonomy":"post_tag","embeddable":true,"href":"https:\/\/zjarr.tv\/en\/wp-json\/wp\/v2\/tags?post=83609"}],"curies":[{"name":"wp","href":"https:\/\/api.w.org\/{rel}","templated":true}]}}