{"id":83618,"date":"2019-05-12T13:16:49","date_gmt":"2019-05-12T11:16:49","guid":{"rendered":"https:\/\/zjarr.tv\/?p=83618"},"modified":"2019-05-12T13:16:49","modified_gmt":"2019-05-12T11:16:49","slug":"sulmohet-shtepia-e-borchardt-cakaj-urdher-politik-per-frikesimin-e-ambasadorit","status":"publish","type":"post","link":"https:\/\/zjarr.tv\/en\/sulmohet-shtepia-e-borchardt-cakaj-urdher-politik-per-frikesimin-e-ambasadorit\/","title":{"rendered":"Sulmohet sht\u00ebpia e Borchardt, Cakaj: Urdh\u00ebr politik p\u00ebr frik\u00ebsimin e ambasadorit"},"content":{"rendered":"<p>Ministri i jasht\u00ebm, Gent Cakaj ka d\u00ebnuar sulmin n\u00eb sht\u00ebpin\u00eb e ambasadorit t\u00eb OSBE-s\u00eb n\u00eb Shqip\u00ebri, Bernd Borchardt. N\u00eb nj\u00eb postim n\u00eb Facebook, Cakaj tha se veprimi \u00ebsht\u00eb kryer n\u00eb urdh\u00ebra politike t\u00eb krer\u00ebve t\u00eb protest\u00ebs me q\u00ebllim frik\u00ebsimin e Borchardt dhe t\u00eb familjes s\u00eb tij. Ai shtoi se sulmi ndaj ambasadorit c\u00ebnon imazhin nd\u00ebrkomb\u00ebtar t\u00eb Shqip\u00ebris\u00eb dhe besueshm\u00ebrin\u00eb e Shqip\u00ebris\u00eb p\u00ebr kryesimin e OSBE-s\u00eb 202<\/p>\n<p>\u201cBorchardt t\u00eb t\u00eb vij\u00eb turp,\u201d-\u00ebsht\u00eb shkruar n\u00eb murin e sht\u00ebpis\u00eb s\u00eb ambasadorit t\u00eb OSBE, pas deklarat\u00ebs s\u00eb tij kund\u00ebr dhun\u00ebs n\u00eb protest\u00ebn e opozit\u00ebs mbr\u00ebmjen e s\u00eb shtun\u00ebs.<\/p>\n<p>&nbsp;<\/p>\n<p><strong>Postimi i plot\u00eb:<\/strong><\/p>\n<p>Mjaft \u00ebsht\u00eb mjaft!<\/p>\n<p>Sulmi i mbr\u00ebmsh\u00ebm ndaj sht\u00ebpis\u00eb t\u00eb Ambasadorit t\u00eb OSBE-s\u00eb n\u00eb Shqip\u00ebri,<\/p>\n<p>Bernd Borchardt, pas deklarat\u00ebs publike t\u00eb OSBE kund\u00ebr dhun\u00ebs kriminale n\u00eb protest\u00ebn e djeshme, p\u00ebrb\u00ebn nj\u00eb tjet\u00ebr akt t\u00eb papranuesh\u00ebm kriminal. Veprimi \u00ebsht\u00eb kryer n\u00eb urdh\u00ebra t\u00eb qarta politike t\u00eb krer\u00ebve t\u00eb protest\u00ebs me q\u00ebllim frik\u00ebsimin e Ambasadorit Borchardt dhe familjes s\u00eb tij, si hakmarrje primitive e atyre q\u00eb pasi kan\u00eb humbur kontrollin e vetes duan t\u00eb nxjerrin nga kontrolli rendin kushtetues t\u00eb Shqip\u00ebris\u00eb!<\/p>\n<p>Ambasadori Borchardt vazhdimisht ka kryer pun\u00ebn e tij me profesionaliz\u00ebm t\u00eb plot\u00eb n\u00eb kuad\u00ebr t\u00eb Misionit t\u00eb OSBE-s\u00eb dhe faji i tij i vet\u00ebm \u00ebsht\u00eb thirrja fisnike p\u00ebr frenim nga dhuna dhe distancim nga veprimtaria e dhunshme.<\/p>\n<p>Sulmi ndaj tij \u00ebsht\u00eb sulm ndaj themeleve t\u00eb kultur\u00ebs demokratike, imazhit nd\u00ebrkomb\u00ebtar t\u00eb Shqip\u00ebris\u00eb dhe p\u00ebrpjekje e drejt\u00ebp\u00ebrdrejt\u00eb p\u00ebr ta cenuar besueshm\u00ebrin\u00eb e Shqip\u00ebris\u00eb p\u00ebr kryesimin e OSBE-s\u00eb 2020. Kjo nuk \u00ebsht\u00eb thjesht\u00eb Shqip\u00ebria q\u00eb duam: kjo nuk \u00ebsht\u00eb kurr\u00ebsesi as Shqip\u00ebria e tanishme.<\/p>\n<p>Kjo \u00ebsht\u00eb Shqip\u00ebria e nj\u00eb grupi rrug\u00ebhumburish politik dhe \u00a0huligan\u00eb kriminal\u00eb si ata q\u00eb kryejn\u00eb akte dhune dhe q\u00eb kan\u00eb dhunuar edhe banes\u00ebn e ambasadorit.<\/p>\n<p>P\u00ebr m\u00eb shum\u00eb, kultura e lin\u00e7imit masiv, diskreditimit tendencioz profesional dhe cenimit personal \u00ebsht\u00eb krim n\u00eb vetvete. Ndaj, secili person me p\u00ebrgjegj\u00ebsi minimale shoq\u00ebrore duhet menj\u00ebher\u00eb t\u00eb distancohet nga sulmi kriminal ndaj Ambasadorit Borchardt dhe t\u00eb d\u00ebnoj\u00eb veprimtarin\u00eb e dhunshme kund\u00ebr Shqip\u00ebris\u00eb n\u00eb p\u00ebrgjith\u00ebsi.<\/p>\n<p>&nbsp;<\/p>","protected":false},"excerpt":{"rendered":"<p>Ministri i jasht\u00ebm, Gent Cakaj ka d\u00ebnuar sulmin n\u00eb sht\u00ebpin\u00eb e ambasadorit t\u00eb OSBE-s\u00eb n\u00eb Shqip\u00ebri, Bernd Borchardt. N\u00eb nj\u00eb postim n\u00eb Facebook, Cakaj tha se veprimi \u00ebsht\u00eb kryer n\u00eb urdh\u00ebra politike t\u00eb krer\u00ebve t\u00eb protest\u00ebs me q\u00ebllim frik\u00ebsimin e Borchardt dhe t\u00eb familjes s\u00eb tij. Ai shtoi se sulmi ndaj ambasadorit c\u00ebnon imazhin nd\u00ebrkomb\u00ebtar [&hellip;]<\/p>\n","protected":false},"author":2013,"featured_media":83619,"comment_status":"open","ping_status":"closed","sticky":false,"template":"","format":"standard","meta":{"footnotes":""},"categories":[241,235],"tags":[],"class_list":{"0":"post-83618","1":"post","2":"type-post","3":"status-publish","4":"format-standard","5":"has-post-thumbnail","7":"category-aktualitet","8":"category-vendi"},"_links":{"self":[{"href":"https:\/\/zjarr.tv\/en\/wp-json\/wp\/v2\/posts\/83618","targetHints":{"allow":["GET"]}}],"collection":[{"href":"https:\/\/zjarr.tv\/en\/wp-json\/wp\/v2\/posts"}],"about":[{"href":"https:\/\/zjarr.tv\/en\/wp-json\/wp\/v2\/types\/post"}],"author":[{"embeddable":true,"href":"https:\/\/zjarr.tv\/en\/wp-json\/wp\/v2\/users\/2013"}],"replies":[{"embeddable":true,"href":"https:\/\/zjarr.tv\/en\/wp-json\/wp\/v2\/comments?post=83618"}],"version-history":[{"count":0,"href":"https:\/\/zjarr.tv\/en\/wp-json\/wp\/v2\/posts\/83618\/revisions"}],"wp:featuredmedia":[{"embeddable":true,"href":"https:\/\/zjarr.tv\/en\/wp-json\/wp\/v2\/media\/83619"}],"wp:attachment":[{"href":"https:\/\/zjarr.tv\/en\/wp-json\/wp\/v2\/media?parent=83618"}],"wp:term":[{"taxonomy":"category","embeddable":true,"href":"https:\/\/zjarr.tv\/en\/wp-json\/wp\/v2\/categories?post=83618"},{"taxonomy":"post_tag","embeddable":true,"href":"https:\/\/zjarr.tv\/en\/wp-json\/wp\/v2\/tags?post=83618"}],"curies":[{"name":"wp","href":"https:\/\/api.w.org\/{rel}","templated":true}]}}